{"id":45238,"date":"2026-03-11T09:13:02","date_gmt":"2026-03-11T09:13:02","guid":{"rendered":"https:\/\/biim.ci\/?post_type=property&#038;p=45238"},"modified":"2026-03-11T13:56:03","modified_gmt":"2026-03-11T13:56:03","slug":"residence-meublee-de-03-pieces-situee-au-plateau-abidjan-cote-divoire","status":"publish","type":[{"id":245,"code":"appartements-meubles","libelle":"Appartements meubl\u00e9s"},{"id":243,"code":"residences","libelle":"R\u00e9sidences"}],"link":"https:\/\/biim.ci\/en\/property\/residence-meublee-de-03-pieces-situee-au-plateau-abidjan-cote-divoire\/","title":"R\u00e9sidence meubl\u00e9e de 03 pi\u00e8ces situ\u00e9e au Plateau, Abidjan, C\u00f4te d&rsquo;Ivoire","content":"<p>Quartier: \u00a0Immeuble NEUILLY 9\u00e8me \u00e9tage<\/p>\n<p>Commune: Plateau<\/p>\n<p>type de r\u00e9sidence: Appartement meubl\u00e9<\/p>\n<p>Id\u00e9al pour: s\u00e9jour professionnel , long ou court s\u00e9jour, vacances, week-ends de relaxation. etc\u2026<\/p>\n<p>Capacit\u00e9: 5 personnes<\/p>\n<p>Exp\u00e9rience: confort, s\u00e9curis\u00e9, ambiance paisible<\/p>\n<p>\u00c0 proximit\u00e9 : Restaurants, supermarch\u00e9s, Banques, etc&#8230;<\/p>","author":"","featured_media":45236,"menu_order":0,"comment_status":"open","ping_status":"closed","template":"","property-type":[245,243],"property-status":[693],"property-feature":[251,253,252,20,52,690,691,55,72,76],"property-label":[694],"property-state":[508],"property-city":[22],"property-neighborhood":[817],"class_list":["post-45238","property","type-property","status-publish","has-post-thumbnail","hentry","property-type-appartements-meubles","property-type-residences","property-status-a-reserver","property-feature-ascenseur","property-feature-balcon","property-feature-chauffe-eau","property-feature-climatisation","property-feature-four-micro-onde","property-feature-netflix","property-feature-netflix-netflix","property-feature-refrigerateur","property-feature-tv-cable","property-feature-wifi","property-label-residence-meublee","property-state-district-autonome-dabidjan","property-city-abidjan","property-neighborhood-plateau-imm-neuilly"],"rating_details":{"average":0,"count":0},"availability":{"semantics":"unavailability","from":"","to":"","ranges":[]},"status_biim":{"code":"available","label":"Libre","color":"#27ae60"},"created_at":"11\/03\/2026","featured":"0","price_short":"130000","price":"130000","price_postfix":"Nuit\u00e9e","rooms":"3","bedrooms":"2","bathrooms":"3","garage":"","garage_size":"","year":"2023","identity":"45238","disponibilite":"Disponible","gallery":["https:\/\/biim.ci\/wp-content\/uploads\/2026\/03\/1000512649.jpg","https:\/\/biim.ci\/wp-content\/uploads\/2026\/03\/1000512647.jpg","https:\/\/biim.ci\/wp-content\/uploads\/2026\/03\/1000512651.jpg","https:\/\/biim.ci\/wp-content\/uploads\/2026\/03\/1000512640.jpg","https:\/\/biim.ci\/wp-content\/uploads\/2026\/03\/1000512642.jpg","https:\/\/biim.ci\/wp-content\/uploads\/2026\/03\/1000512643.jpg","https:\/\/biim.ci\/wp-content\/uploads\/2026\/03\/1000512631-1.jpg","https:\/\/biim.ci\/wp-content\/uploads\/2026\/03\/1000512650.jpg","https:\/\/biim.ci\/wp-content\/uploads\/2026\/03\/1000512639.jpg","https:\/\/biim.ci\/wp-content\/uploads\/2026\/03\/1000512634.jpg"],"floors_enable":"0","contact_name":"","contact_mail":"","contact_phone":"+225 0545237236","contact_description":"","addresse":"Le Plateau, Abidjan, C\u00f4te d'Ivoire","location":"a:2:{s:8:\"location\";s:36:\"5.332547099999999,-4.023868999999999\";s:7:\"address\";s:35:\"Le Plateau, Abidjan, C\u00f4te d'Ivoire\";}","country":"CI","price_prefix":"","additional_features":"1","agent":"","views_count":"174","verified":"0","original_owner_id":"","requires_admin_review":"0","requires_admin_review_fields":"","requires_admin_review_at":"","requires_admin_review_by":"","lifecycle_state":"","soft_deleted":"0","soft_deleted_at":"","soft_deleted_by":"","read_only":"0","availability_ranges":[],"available_from":"","available_to":"","unavailability_applied":"0","unavailability_range_snapshot":"","city":[{"id":22,"code":"abidjan","libelle":"Abidjan"}],"neighborhood":[{"id":817,"code":"plateau-imm-neuilly","libelle":"Plateau Imm. NEUILLY"}],"state":[{"id":693,"code":"a-reserver","libelle":"A r\u00e9server"}],"features":[{"id":251,"code":"ascenseur","libelle":"Ascenseur"},{"id":253,"code":"balcon","libelle":"Balcon"},{"id":252,"code":"chauffe-eau","libelle":"Chauffe-eau"},{"id":20,"code":"climatisation","libelle":"Climatisation"},{"id":52,"code":"four-micro-onde","libelle":"Four micro onde"},{"id":690,"code":"netflix","libelle":"Netflix"},{"id":691,"code":"netflix-netflix","libelle":"Netflix"},{"id":55,"code":"refrigerateur","libelle":"R\u00e9frig\u00e9rateur"},{"id":72,"code":"tv-cable","libelle":"TV Cable"},{"id":76,"code":"wifi","libelle":"WiFi"}],"labels":[{"id":694,"code":"residence-meublee","libelle":"R\u00e9sidence meubl\u00e9e"}],"cover_image":"https:\/\/biim.ci\/wp-content\/uploads\/2026\/03\/1000512639.jpg","_links":{"self":[{"href":"https:\/\/biim.ci\/en\/wp-json\/wp\/v2\/property\/45238","targetHints":{"allow":["GET"]}}],"collection":[{"href":"https:\/\/biim.ci\/en\/wp-json\/wp\/v2\/property"}],"about":[{"href":"https:\/\/biim.ci\/en\/wp-json\/wp\/v2\/types\/property"}],"author":[{"embeddable":true,"href":"https:\/\/biim.ci\/en\/wp-json\/wp\/v2\/users\/381"}],"replies":[{"embeddable":true,"href":"https:\/\/biim.ci\/en\/wp-json\/wp\/v2\/comments?post=45238"}],"version-history":[{"count":1,"href":"https:\/\/biim.ci\/en\/wp-json\/wp\/v2\/property\/45238\/revisions"}],"predecessor-version":[{"id":45250,"href":"https:\/\/biim.ci\/en\/wp-json\/wp\/v2\/property\/45238\/revisions\/45250"}],"wp:featuredmedia":[{"embeddable":true,"href":"https:\/\/biim.ci\/en\/wp-json\/wp\/v2\/media\/45236"}],"wp:attachment":[{"href":"https:\/\/biim.ci\/en\/wp-json\/wp\/v2\/media?parent=45238"}],"wp:term":[{"taxonomy":"property-type","embeddable":true,"href":"https:\/\/biim.ci\/en\/wp-json\/wp\/v2\/property-type?post=45238"},{"taxonomy":"property-status","embeddable":true,"href":"https:\/\/biim.ci\/en\/wp-json\/wp\/v2\/property-status?post=45238"},{"taxonomy":"property-feature","embeddable":true,"href":"https:\/\/biim.ci\/en\/wp-json\/wp\/v2\/property-feature?post=45238"},{"taxonomy":"property-label","embeddable":true,"href":"https:\/\/biim.ci\/en\/wp-json\/wp\/v2\/property-label?post=45238"},{"taxonomy":"property-state","embeddable":true,"href":"https:\/\/biim.ci\/en\/wp-json\/wp\/v2\/property-state?post=45238"},{"taxonomy":"property-city","embeddable":true,"href":"https:\/\/biim.ci\/en\/wp-json\/wp\/v2\/property-city?post=45238"},{"taxonomy":"property-neighborhood","embeddable":true,"href":"https:\/\/biim.ci\/en\/wp-json\/wp\/v2\/property-neighborhood?post=45238"}],"curies":[{"name":"wp","href":"https:\/\/api.w.org\/{rel}","templated":true}]}}