{"id":43751,"date":"2026-01-21T14:13:51","date_gmt":"2026-01-21T14:13:51","guid":{"rendered":"https:\/\/biim.ci\/?post_type=property&#038;p=43751"},"modified":"2026-02-23T12:31:18","modified_gmt":"2026-02-23T12:31:18","slug":"studio-meuble-disponible-a-la-riviera-fay","status":"publish","type":[{"id":244,"code":"studio-meuble","libelle":"Studio meubl\u00e9"}],"link":"https:\/\/biim.ci\/en\/property\/studio-meuble-disponible-a-la-riviera-fay\/","title":"Studio meubl\u00e9 disponible \u00e0 la Riviera Faya","content":"<p>Situ\u00e9e \u00e0 Cocody Faya Ephrata, dans un environnement calme et s\u00e9curis\u00e9, la r\u00e9sidence offre un cadre de vie agr\u00e9able alliant confort et praticit\u00e9. Elle est id\u00e9ale aussi bien pour les courts que les longs s\u00e9jours. La r\u00e9sidence dispose de toutes les commodit\u00e9s essentielles, notamment la climatisation pour votre confort, une cuisine fonctionnelle adapt\u00e9e \u00e0 vos besoins quotidiens, un acc\u00e8s permanent \u00e0 l\u2019eau et \u00e0 l\u2019\u00e9lectricit\u00e9 ainsi qu\u2019une connexion Wi-Fi illimit\u00e9e. Tout est r\u00e9uni pour vous garantir un s\u00e9jour paisible, confortable et sans contraintes, dans un cadre propice au repos et \u00e0 la tranquillit\u00e9.<\/p>","author":"","featured_media":43747,"menu_order":0,"comment_status":"open","ping_status":"closed","template":"","property-type":[244],"property-status":[37,693],"property-feature":[253,252,20,52,690,691,55,72,76],"property-label":[238,150],"property-state":[508],"property-city":[22],"property-neighborhood":[219,709],"class_list":["post-43751","property","type-property","status-publish","has-post-thumbnail","hentry","property-type-studio-meuble","property-status-a-louer","property-status-a-reserver","property-feature-balcon","property-feature-chauffe-eau","property-feature-climatisation","property-feature-four-micro-onde","property-feature-netflix","property-feature-netflix-netflix","property-feature-refrigerateur","property-feature-tv-cable","property-feature-wifi","property-label-commerce","property-label-habitation","property-state-district-autonome-dabidjan","property-city-abidjan","property-neighborhood-cocody","property-neighborhood-riviera-faya-cocody"],"rating_details":{"average":0,"count":0},"availability":{"semantics":"unavailability","from":"","to":"","ranges":[]},"status_biim":{"code":"available","label":"Libre","color":"#27ae60"},"created_at":"21\/01\/2026","featured":"0","price_short":"20000","price":"20000","price_postfix":"NUIT\u00c9E","rooms":"1","bedrooms":"00","bathrooms":"1","garage":"","garage_size":"","year":"","identity":"43751","disponibilite":"Disponible","gallery":["https:\/\/biim.ci\/wp-content\/uploads\/2026\/01\/44d435a1-92cf-4809-a8ca-9e27f39e1fa0-300x225.jpeg","https:\/\/biim.ci\/wp-content\/uploads\/2026\/01\/da8cab24-9085-48d5-ad9f-e10f2aedd19e-300x225.jpeg","https:\/\/biim.ci\/wp-content\/uploads\/2026\/01\/988c9dd6-a113-47e6-964d-7479b5b7270a-225x300.jpeg","https:\/\/biim.ci\/wp-content\/uploads\/2026\/01\/ada71257-133a-467a-a872-0b6bc24d1f14-225x300.jpeg","https:\/\/biim.ci\/wp-content\/uploads\/2026\/01\/WhatsApp-Image-2026-01-21-at-14.37.16-300x225.jpeg","https:\/\/biim.ci\/wp-content\/uploads\/2026\/01\/WhatsApp-Image-2026-01-21-at-14.37.05-300x225.jpeg"],"floors_enable":"0","addresse":"93J8+GCW, Abidjan, C\u00f4te d'Ivoire","location":"a:2:{s:8:\"location\";s:20:\"5.3813578,-3.9339309\";s:7:\"address\";s:33:\"93J8+GCW, Abidjan, C\u00f4te d'Ivoire\";}","country":"CI","price_prefix":"","additional_features":"1","agent":"","contact_name":"","contact_mail":"","contact_phone":"+225 0717757606","contact_description":"","views_count":"140","verified":"0","original_owner_id":"","requires_admin_review":"0","requires_admin_review_fields":"","requires_admin_review_at":"","requires_admin_review_by":"","lifecycle_state":"","soft_deleted":"0","soft_deleted_at":"","soft_deleted_by":"","read_only":"0","availability_ranges":[],"available_from":"","available_to":"","unavailability_applied":"0","unavailability_range_snapshot":"","city":[{"id":22,"code":"abidjan","libelle":"Abidjan"}],"neighborhood":[{"id":219,"code":"cocody","libelle":"Cocody"},{"id":709,"code":"riviera-faya-cocody","libelle":"Riviera Faya"}],"state":[{"id":37,"code":"a-louer","libelle":"A louer"},{"id":693,"code":"a-reserver","libelle":"A r\u00e9server"}],"features":[{"id":253,"code":"balcon","libelle":"Balcon"},{"id":252,"code":"chauffe-eau","libelle":"Chauffe-eau"},{"id":20,"code":"climatisation","libelle":"Climatisation"},{"id":52,"code":"four-micro-onde","libelle":"Four micro onde"},{"id":690,"code":"netflix","libelle":"Netflix"},{"id":691,"code":"netflix-netflix","libelle":"Netflix"},{"id":55,"code":"refrigerateur","libelle":"R\u00e9frig\u00e9rateur"},{"id":72,"code":"tv-cable","libelle":"TV Cable"},{"id":76,"code":"wifi","libelle":"WiFi"}],"labels":[{"id":238,"code":"commerce","libelle":"Commerce"},{"id":150,"code":"habitation","libelle":"Habitation"}],"cover_image":"https:\/\/biim.ci\/wp-content\/uploads\/2026\/01\/44d435a1-92cf-4809-a8ca-9e27f39e1fa0-300x225.jpeg","_links":{"self":[{"href":"https:\/\/biim.ci\/en\/wp-json\/wp\/v2\/property\/43751","targetHints":{"allow":["GET"]}}],"collection":[{"href":"https:\/\/biim.ci\/en\/wp-json\/wp\/v2\/property"}],"about":[{"href":"https:\/\/biim.ci\/en\/wp-json\/wp\/v2\/types\/property"}],"author":[{"embeddable":true,"href":"https:\/\/biim.ci\/en\/wp-json\/wp\/v2\/users\/329"}],"replies":[{"embeddable":true,"href":"https:\/\/biim.ci\/en\/wp-json\/wp\/v2\/comments?post=43751"}],"version-history":[{"count":4,"href":"https:\/\/biim.ci\/en\/wp-json\/wp\/v2\/property\/43751\/revisions"}],"predecessor-version":[{"id":43757,"href":"https:\/\/biim.ci\/en\/wp-json\/wp\/v2\/property\/43751\/revisions\/43757"}],"wp:featuredmedia":[{"embeddable":true,"href":"https:\/\/biim.ci\/en\/wp-json\/wp\/v2\/media\/43747"}],"wp:attachment":[{"href":"https:\/\/biim.ci\/en\/wp-json\/wp\/v2\/media?parent=43751"}],"wp:term":[{"taxonomy":"property-type","embeddable":true,"href":"https:\/\/biim.ci\/en\/wp-json\/wp\/v2\/property-type?post=43751"},{"taxonomy":"property-status","embeddable":true,"href":"https:\/\/biim.ci\/en\/wp-json\/wp\/v2\/property-status?post=43751"},{"taxonomy":"property-feature","embeddable":true,"href":"https:\/\/biim.ci\/en\/wp-json\/wp\/v2\/property-feature?post=43751"},{"taxonomy":"property-label","embeddable":true,"href":"https:\/\/biim.ci\/en\/wp-json\/wp\/v2\/property-label?post=43751"},{"taxonomy":"property-state","embeddable":true,"href":"https:\/\/biim.ci\/en\/wp-json\/wp\/v2\/property-state?post=43751"},{"taxonomy":"property-city","embeddable":true,"href":"https:\/\/biim.ci\/en\/wp-json\/wp\/v2\/property-city?post=43751"},{"taxonomy":"property-neighborhood","embeddable":true,"href":"https:\/\/biim.ci\/en\/wp-json\/wp\/v2\/property-neighborhood?post=43751"}],"curies":[{"name":"wp","href":"https:\/\/api.w.org\/{rel}","templated":true}]}}