{"id":39547,"date":"2025-07-25T08:51:15","date_gmt":"2025-07-25T08:51:15","guid":{"rendered":"https:\/\/biim.ci\/?post_type=property&#038;p=39547"},"modified":"2025-11-11T15:19:05","modified_gmt":"2025-11-11T15:19:05","slug":"studio-meuble-situe-a-san-pedro","status":"publish","type":[{"id":245,"code":"appartements-meubles","libelle":"Appartements meubl\u00e9s"}],"link":"https:\/\/biim.ci\/en\/property\/studio-meuble-situe-a-san-pedro\/","title":"Studio meubl\u00e9 situ\u00e9 \u00e0 San-Pedro","content":"<div class=\"xdj266r x14z9mp xat24cr x1lziwak x1vvkbs x126k92a\">\n<div dir=\"auto\">BALMER NON LOIN DES SITES TOURISTIQUES DE SAN- PEDRO<\/div>\n<\/div>\n<div class=\"x14z9mp xat24cr x1lziwak x1vvkbs xtlvy1s x126k92a\">\n<div dir=\"auto\">NOUS VOUS OFFRONS POUR VOS S\u00c9JOURS UN STUDIO AVEC UN TR\u00c8S BON STANDING AVEC ACC\u00c8S FACILE \u00c0 LA PLAGE NON LOIN DE ROCH\u00c9 DES AMOUREUX<\/div>\n<\/div>\n<div class=\"x14z9mp xat24cr x1lziwak x1vvkbs xtlvy1s x126k92a\">\n<div dir=\"auto\">LES COMMODIT\u00c9S SONT ;<\/div>\n<\/div>\n<div class=\"x14z9mp xat24cr x1lziwak x1vvkbs xtlvy1s x126k92a\">\n<ul>\n<li dir=\"auto\">\u00a0LA WIFI HAUTE D\u00c9BIT ILLIMIT\u00c9.<\/li>\n<\/ul>\n<\/div>\n<div class=\"x14z9mp xat24cr x1lziwak x1vvkbs xtlvy1s x126k92a\">\n<ul>\n<li dir=\"auto\">\u00a0TV, CANAL<\/li>\n<\/ul>\n<\/div>\n<div class=\"x14z9mp xat24cr x1lziwak x1vvkbs xtlvy1s x126k92a\">\n<ul>\n<li dir=\"auto\">\u00a0LA CLIMATISATION .<\/li>\n<li dir=\"auto\">LA TV.<\/li>\n<\/ul>\n<\/div>\n<div class=\"x14z9mp xat24cr x1lziwak x1vvkbs xtlvy1s x126k92a\">\n<ul>\n<li dir=\"auto\">\u00a0CUISINE TOTALEMENT \u00c9QUIP\u00c9<\/li>\n<\/ul>\n<\/div>\n<div class=\"x14z9mp xat24cr x1lziwak x1vvkbs xtlvy1s x126k92a\">\n<ul>\n<li dir=\"auto\">\u00a0AUCUNE NUISANCE SONORE.<\/li>\n<\/ul>\n<\/div>\n<div class=\"x14z9mp xat24cr x1lziwak x1vvkbs xtlvy1s x126k92a\">\n<ul>\n<li dir=\"auto\">\u00a0UNE FEMME DE M\u00c9NAGE.<\/li>\n<\/ul>\n<\/div>\n<div class=\"x14z9mp xat24cr x1lziwak x1vvkbs xtlvy1s x126k92a\">\n<ul>\n<li dir=\"auto\">\u00a0ESPACE POUR V\u00c9HICULE.<\/li>\n<\/ul>\n<\/div>\n<div class=\"x14z9mp xat24cr x1lziwak x1vvkbs xtlvy1s x126k92a\">\n<ul>\n<li dir=\"auto\">\u00a0ACC\u00c8S FACILE \u00c0 LA ROUTE.<\/li>\n<\/ul>\n<\/div>\n<div class=\"x14z9mp xat24cr x1lziwak x1vvkbs xtlvy1s x126k92a\">\n<ul>\n<li dir=\"auto\">\u00a0MICRO ONDE UN PARKING POUR LES V\u00c9HICULES<\/li>\n<\/ul>\n<\/div>\n<div class=\"x14z9mp xat24cr x1lziwak x1vvkbs xtlvy1s x126k92a\">\n<ul>\n<li dir=\"auto\">\u00a0LA CUISINE BIEN \u00c9QUIP\u00c9E<\/li>\n<\/ul>\n<\/div>","author":"","featured_media":39555,"menu_order":0,"comment_status":"open","ping_status":"closed","template":"","property-type":[245],"property-status":[37,693],"property-feature":[253,252,20,52,690,55,72,76],"property-label":[],"property-state":[],"property-city":[60],"property-neighborhood":[],"class_list":["post-39547","property","type-property","status-publish","has-post-thumbnail","hentry","property-type-appartements-meubles","property-status-a-louer","property-status-a-reserver","property-feature-balcon","property-feature-chauffe-eau","property-feature-climatisation","property-feature-four-micro-onde","property-feature-netflix","property-feature-refrigerateur","property-feature-tv-cable","property-feature-wifi","property-city-san-pedro"],"rating_details":{"average":0,"count":0},"availability":{"semantics":"unavailability","from":"","to":"","ranges":[]},"status_biim":{"code":"available","label":"Libre","color":"#27ae60"},"created_at":"25\/07\/2025","price_short":"25000","price_prefix":"","price_postfix":"NUIT\u00c9E","rooms":"01","bedrooms":"00","bathrooms":"01","garage":"","garage_size":"","year":"","identity":"39547","additional_features":"1","featured":"0","disponibilite":"Disponible","addresse":"San-Pedro","location":"a:2:{s:8:\"location\";s:28:\"4.7483699,-6.635777800000001\";s:7:\"address\";s:26:\"San-P\u00e9dro, C\u00f4te d'Ivoire\";}","floors_enable":"0","gallery":["https:\/\/biim.ci\/wp-content\/uploads\/2025\/07\/San-Pedro-21-225x300.jpg","https:\/\/biim.ci\/wp-content\/uploads\/2025\/07\/San-Pedro-22-225x300.jpg","https:\/\/biim.ci\/wp-content\/uploads\/2025\/07\/San-Pedro-23-225x300.jpg","https:\/\/biim.ci\/wp-content\/uploads\/2025\/07\/San-Pedro-24-225x300.jpg","https:\/\/biim.ci\/wp-content\/uploads\/2025\/07\/San-Pedro-25-225x300.jpg","https:\/\/biim.ci\/wp-content\/uploads\/2025\/07\/San-Pedro-26-225x300.jpg","https:\/\/biim.ci\/wp-content\/uploads\/2025\/07\/San-Pedro-27-225x300.jpg","https:\/\/biim.ci\/wp-content\/uploads\/2025\/07\/San-Pedro-28-225x300.jpg","https:\/\/biim.ci\/wp-content\/uploads\/2025\/07\/San-Pedro-29-225x300.jpg","https:\/\/biim.ci\/wp-content\/uploads\/2025\/07\/San-Pedro-30-225x300.jpg","https:\/\/biim.ci\/wp-content\/uploads\/2025\/07\/488871428_122151260954529345_266160124481320908_n-225x300.jpg"],"agent":"","contact_name":"Edwige","contact_mail":"","contact_phone":"0715056104","contact_description":"","price":"25000","country":"CI","views_count":"341","verified":"0","original_owner_id":"","requires_admin_review":"0","requires_admin_review_fields":"","requires_admin_review_at":"","requires_admin_review_by":"","lifecycle_state":"","soft_deleted":"0","soft_deleted_at":"","soft_deleted_by":"","read_only":"0","availability_ranges":[],"available_from":"","available_to":"","unavailability_applied":"0","unavailability_range_snapshot":"","city":[{"id":60,"code":"san-pedro","libelle":"San-P\u00e9dro"}],"neighborhood":[],"state":[{"id":37,"code":"a-louer","libelle":"A louer"},{"id":693,"code":"a-reserver","libelle":"A r\u00e9server"}],"features":[{"id":253,"code":"balcon","libelle":"Balcon"},{"id":252,"code":"chauffe-eau","libelle":"Chauffe-eau"},{"id":20,"code":"climatisation","libelle":"Climatisation"},{"id":52,"code":"four-micro-onde","libelle":"Four micro onde"},{"id":690,"code":"netflix","libelle":"Netflix"},{"id":55,"code":"refrigerateur","libelle":"R\u00e9frig\u00e9rateur"},{"id":72,"code":"tv-cable","libelle":"TV Cable"},{"id":76,"code":"wifi","libelle":"WiFi"}],"labels":[],"cover_image":"https:\/\/biim.ci\/wp-content\/uploads\/2025\/07\/San-Pedro-28-225x300.jpg","_links":{"self":[{"href":"https:\/\/biim.ci\/en\/wp-json\/wp\/v2\/property\/39547","targetHints":{"allow":["GET"]}}],"collection":[{"href":"https:\/\/biim.ci\/en\/wp-json\/wp\/v2\/property"}],"about":[{"href":"https:\/\/biim.ci\/en\/wp-json\/wp\/v2\/types\/property"}],"author":[{"embeddable":true,"href":"https:\/\/biim.ci\/en\/wp-json\/wp\/v2\/users\/290"}],"replies":[{"embeddable":true,"href":"https:\/\/biim.ci\/en\/wp-json\/wp\/v2\/comments?post=39547"}],"version-history":[{"count":1,"href":"https:\/\/biim.ci\/en\/wp-json\/wp\/v2\/property\/39547\/revisions"}],"predecessor-version":[{"id":39559,"href":"https:\/\/biim.ci\/en\/wp-json\/wp\/v2\/property\/39547\/revisions\/39559"}],"wp:featuredmedia":[{"embeddable":true,"href":"https:\/\/biim.ci\/en\/wp-json\/wp\/v2\/media\/39555"}],"wp:attachment":[{"href":"https:\/\/biim.ci\/en\/wp-json\/wp\/v2\/media?parent=39547"}],"wp:term":[{"taxonomy":"property-type","embeddable":true,"href":"https:\/\/biim.ci\/en\/wp-json\/wp\/v2\/property-type?post=39547"},{"taxonomy":"property-status","embeddable":true,"href":"https:\/\/biim.ci\/en\/wp-json\/wp\/v2\/property-status?post=39547"},{"taxonomy":"property-feature","embeddable":true,"href":"https:\/\/biim.ci\/en\/wp-json\/wp\/v2\/property-feature?post=39547"},{"taxonomy":"property-label","embeddable":true,"href":"https:\/\/biim.ci\/en\/wp-json\/wp\/v2\/property-label?post=39547"},{"taxonomy":"property-state","embeddable":true,"href":"https:\/\/biim.ci\/en\/wp-json\/wp\/v2\/property-state?post=39547"},{"taxonomy":"property-city","embeddable":true,"href":"https:\/\/biim.ci\/en\/wp-json\/wp\/v2\/property-city?post=39547"},{"taxonomy":"property-neighborhood","embeddable":true,"href":"https:\/\/biim.ci\/en\/wp-json\/wp\/v2\/property-neighborhood?post=39547"}],"curies":[{"name":"wp","href":"https:\/\/api.w.org\/{rel}","templated":true}]}}