{"id":38543,"date":"2025-07-11T18:07:09","date_gmt":"2025-07-11T18:07:09","guid":{"rendered":"https:\/\/biim.ci\/?post_type=property&#038;p=38543"},"modified":"2025-10-31T10:48:07","modified_gmt":"2025-10-31T10:48:07","slug":"residence-meublee-koumassi-remblais","status":"publish","type":[{"id":245,"code":"appartements-meubles","libelle":"Appartements meubl\u00e9s"}],"link":"https:\/\/biim.ci\/en\/property\/residence-meublee-koumassi-remblais\/","title":"r\u00e9sidence meubl\u00e9e &#8211; Koumassi Remblais","content":"<div class=\"xdj266r x14z9mp xat24cr x1lziwak x1vvkbs x126k92a\">\n<div dir=\"auto\">Profitez de cette r\u00e9sidence meubl\u00e9e situ\u00e9e \u00e0 Koumassi Remblais \u2013 Carrefour IBO, dans un cadre calme et charg\u00e9 d\u2019histoire.<\/div>\n<\/div>\n<div class=\"x14z9mp xat24cr x1lziwak x1vvkbs xtlvy1s x126k92a\">\n<div dir=\"auto\"><\/div>\n<\/div>\n<div class=\"x14z9mp xat24cr x1lziwak x1vvkbs xtlvy1s x126k92a\">\n<div dir=\"auto\">\u00a0Commodit\u00e9s :<\/div>\n<div dir=\"auto\">&#8211;\u00a0 02 pi\u00e8ces spacieuses pour un confort optimal<\/div>\n<div dir=\"auto\">&#8211; \u00a002 salles de bain et toilettes<\/div>\n<div dir=\"auto\">&#8211; \u00a0Climatiseur dans les chambres<\/div>\n<div dir=\"auto\">&#8211; \u00a0T\u00e9l\u00e9vision Smart au salon (Netflix, YouTube\u2026)<\/div>\n<div dir=\"auto\">&#8211; \u00a0Wifi haut d\u00e9bit dans tout l\u2019\u00e9tablissement<\/div>\n<div dir=\"auto\">&#8211; \u00a0Cuisine enti\u00e8rement \u00e9quip\u00e9e (r\u00e9frig\u00e9rateur, cuisini\u00e8re, ustensiles\u2026)<\/div>\n<\/div>","author":"","featured_media":38554,"menu_order":0,"comment_status":"open","ping_status":"closed","template":"","property-type":[245],"property-status":[37,693],"property-feature":[253,252,20,52,690,55,72,76],"property-label":[],"property-state":[],"property-city":[],"property-neighborhood":[],"class_list":["post-38543","property","type-property","status-publish","has-post-thumbnail","hentry","property-type-appartements-meubles","property-status-a-louer","property-status-a-reserver","property-feature-balcon","property-feature-chauffe-eau","property-feature-climatisation","property-feature-four-micro-onde","property-feature-netflix","property-feature-refrigerateur","property-feature-tv-cable","property-feature-wifi"],"rating_details":{"average":0,"count":0},"availability":{"semantics":"unavailability","from":"","to":"","ranges":[]},"status_biim":{"code":"available","label":"Libre","color":"#27ae60"},"created_at":"11\/07\/2025","price_short":"35000","price_prefix":"","price_postfix":"NUIT\u00c9E","rooms":"01","bedrooms":"01","bathrooms":"01","garage":"","garage_size":"","year":"","identity":"38543","additional_features":"1","featured":"0","disponibilite":"Disponible","addresse":"KOUMASSI","location":"a:2:{s:8:\"location\";s:38:\"5.373168025090039, -3.9985212030311272\";s:7:\"address\";s:0:\"\";}","floors_enable":"0","gallery":["https:\/\/biim.ci\/wp-content\/uploads\/2025\/07\/Koumassi-Remblais-\u2013-Carrefour-IBO-300x300.jpg","https:\/\/biim.ci\/wp-content\/uploads\/2025\/07\/Koumassi-Remblais-\u2013-Carrefour-IBO-2-300x300.jpg","https:\/\/biim.ci\/wp-content\/uploads\/2025\/07\/Koumassi-Remblais-\u2013-Carrefour-IBO-3-300x300.jpg","https:\/\/biim.ci\/wp-content\/uploads\/2025\/07\/Koumassi-Remblais-\u2013-Carrefour-IBO-4-300x300.jpg","https:\/\/biim.ci\/wp-content\/uploads\/2025\/07\/Koumassi-Remblais-\u2013-Carrefour-IBO-5-300x300.jpg","https:\/\/biim.ci\/wp-content\/uploads\/2025\/07\/Koumassi-Remblais-\u2013-Carrefour-IBO-6-300x300.jpg","https:\/\/biim.ci\/wp-content\/uploads\/2025\/07\/Koumassi-Remblais-\u2013-Carrefour-IBO-7-300x300.jpg","https:\/\/biim.ci\/wp-content\/uploads\/2025\/07\/Koumassi-Remblais-\u2013-Carrefour-IBO-8-300x300.jpg","https:\/\/biim.ci\/wp-content\/uploads\/2025\/07\/Koumassi-Remblais-\u2013-Carrefour-IBO-9-300x300.jpg","https:\/\/biim.ci\/wp-content\/uploads\/2025\/07\/Koumassi-Remblais-\u2013-Carrefour-IBO-10-300x300.jpg","https:\/\/biim.ci\/wp-content\/uploads\/2025\/07\/Koumassi-Remblais-\u2013-Carrefour-IBO-11-300x300.jpg","https:\/\/biim.ci\/wp-content\/uploads\/2025\/07\/Koumassi-Remblais-\u2013-Carrefour-IBO-12-300x300.jpg"],"agent":"","contact_name":"Edwige","contact_mail":"","contact_phone":"0715056104","contact_description":"","price":"35000","country":"CI","views_count":"354","verified":"0","original_owner_id":"","requires_admin_review":"0","requires_admin_review_fields":"","requires_admin_review_at":"","requires_admin_review_by":"","lifecycle_state":"","soft_deleted":"0","soft_deleted_at":"","soft_deleted_by":"","read_only":"0","availability_ranges":[],"available_from":"","available_to":"","unavailability_applied":"0","unavailability_range_snapshot":"","city":[],"neighborhood":[],"state":[{"id":37,"code":"a-louer","libelle":"A louer"},{"id":693,"code":"a-reserver","libelle":"A r\u00e9server"}],"features":[{"id":253,"code":"balcon","libelle":"Balcon"},{"id":252,"code":"chauffe-eau","libelle":"Chauffe-eau"},{"id":20,"code":"climatisation","libelle":"Climatisation"},{"id":52,"code":"four-micro-onde","libelle":"Four micro onde"},{"id":690,"code":"netflix","libelle":"Netflix"},{"id":55,"code":"refrigerateur","libelle":"R\u00e9frig\u00e9rateur"},{"id":72,"code":"tv-cable","libelle":"TV Cable"},{"id":76,"code":"wifi","libelle":"WiFi"}],"labels":[],"cover_image":"https:\/\/biim.ci\/wp-content\/uploads\/2025\/07\/Koumassi-Remblais-\u2013-Carrefour-IBO-11-300x300.jpg","_links":{"self":[{"href":"https:\/\/biim.ci\/en\/wp-json\/wp\/v2\/property\/38543","targetHints":{"allow":["GET"]}}],"collection":[{"href":"https:\/\/biim.ci\/en\/wp-json\/wp\/v2\/property"}],"about":[{"href":"https:\/\/biim.ci\/en\/wp-json\/wp\/v2\/types\/property"}],"author":[{"embeddable":true,"href":"https:\/\/biim.ci\/en\/wp-json\/wp\/v2\/users\/290"}],"replies":[{"embeddable":true,"href":"https:\/\/biim.ci\/en\/wp-json\/wp\/v2\/comments?post=38543"}],"version-history":[{"count":1,"href":"https:\/\/biim.ci\/en\/wp-json\/wp\/v2\/property\/38543\/revisions"}],"predecessor-version":[{"id":38556,"href":"https:\/\/biim.ci\/en\/wp-json\/wp\/v2\/property\/38543\/revisions\/38556"}],"wp:featuredmedia":[{"embeddable":true,"href":"https:\/\/biim.ci\/en\/wp-json\/wp\/v2\/media\/38554"}],"wp:attachment":[{"href":"https:\/\/biim.ci\/en\/wp-json\/wp\/v2\/media?parent=38543"}],"wp:term":[{"taxonomy":"property-type","embeddable":true,"href":"https:\/\/biim.ci\/en\/wp-json\/wp\/v2\/property-type?post=38543"},{"taxonomy":"property-status","embeddable":true,"href":"https:\/\/biim.ci\/en\/wp-json\/wp\/v2\/property-status?post=38543"},{"taxonomy":"property-feature","embeddable":true,"href":"https:\/\/biim.ci\/en\/wp-json\/wp\/v2\/property-feature?post=38543"},{"taxonomy":"property-label","embeddable":true,"href":"https:\/\/biim.ci\/en\/wp-json\/wp\/v2\/property-label?post=38543"},{"taxonomy":"property-state","embeddable":true,"href":"https:\/\/biim.ci\/en\/wp-json\/wp\/v2\/property-state?post=38543"},{"taxonomy":"property-city","embeddable":true,"href":"https:\/\/biim.ci\/en\/wp-json\/wp\/v2\/property-city?post=38543"},{"taxonomy":"property-neighborhood","embeddable":true,"href":"https:\/\/biim.ci\/en\/wp-json\/wp\/v2\/property-neighborhood?post=38543"}],"curies":[{"name":"wp","href":"https:\/\/api.w.org\/{rel}","templated":true}]}}