{"id":37075,"date":"2025-06-30T17:23:13","date_gmt":"2025-06-30T17:23:13","guid":{"rendered":"https:\/\/biim.ci\/?post_type=property&#038;p=37075"},"modified":"2025-11-14T16:42:44","modified_gmt":"2025-11-14T16:42:44","slug":"studio-meuble-marcory-centre","status":"publish","type":[{"id":245,"code":"appartements-meubles","libelle":"Appartements meubl\u00e9s"}],"link":"https:\/\/biim.ci\/en\/property\/studio-meuble-marcory-centre\/","title":"studio Meubl\u00e9 Marcory centre","content":"<div class=\"xdj266r x14z9mp xat24cr x1lziwak x1vvkbs x126k92a\">\n<div dir=\"auto\">\u00a0magnifique studio Meubl\u00e9\u00a0 pour votre plus grand confort dans la plus grande discr\u00e9tion \u00e0 Marcory centre vers le 9eme arrondissement commodit\u00e9s:<\/div>\n<\/div>\n<div class=\"x14z9mp xat24cr x1lziwak x1vvkbs xtlvy1s x126k92a\">\n<ul>\n<li dir=\"auto\">Chauffe Eau<\/li>\n<li dir=\"auto\">A\/C<\/li>\n<li dir=\"auto\">TV + Canal plus + NETFLIX<\/li>\n<li dir=\"auto\">Cuisine enti\u00e8rement \u00e9quip\u00e9e ( ustensiles)<\/li>\n<li dir=\"auto\">R\u00e9frig\u00e9rateur _ Micro-onde _ Gazini\u00e8re_ Mixeur<\/li>\n<li dir=\"auto\">\u00a0Fibre optique<\/li>\n<\/ul>\n<\/div>\n<div class=\"x14z9mp xat24cr x1lziwak x1vvkbs xtlvy1s x126k92a\"><\/div>\n<div class=\"x14z9mp xat24cr x1lziwak x1vvkbs xtlvy1s x126k92a\">\n<div dir=\"auto\"><\/div>\n<div dir=\"auto\">Possibilit\u00e9 de r\u00e9duction pour les longs s\u00e9jours<\/div>\n<div dir=\"auto\">Nous attendons vos r\u00e9servations<\/div>\n<\/div>","author":"","featured_media":37081,"menu_order":0,"comment_status":"open","ping_status":"closed","template":"","property-type":[245],"property-status":[37,693],"property-feature":[253,252,20,52,55,72],"property-label":[],"property-state":[],"property-city":[22],"property-neighborhood":[722],"class_list":["post-37075","property","type-property","status-publish","has-post-thumbnail","hentry","property-type-appartements-meubles","property-status-a-louer","property-status-a-reserver","property-feature-balcon","property-feature-chauffe-eau","property-feature-climatisation","property-feature-four-micro-onde","property-feature-refrigerateur","property-feature-tv-cable","property-city-abidjan","property-neighborhood-marcory"],"rating_details":{"average":0,"count":0},"availability":{"semantics":"unavailability","from":"","to":"","ranges":[]},"status_biim":{"code":"available","label":"Libre","color":"#27ae60"},"created_at":"30\/06\/2025","price_short":"20000","price_prefix":"","price_postfix":"NUIT\u00c9E","rooms":"01","bedrooms":"00","bathrooms":"01","garage":"","garage_size":"","year":"","identity":"37075","additional_features":"1","featured":"0","disponibilite":"Disponible","addresse":"Marcory","location":"a:2:{s:8:\"location\";s:28:\"5.306585999999999,-3.9891183\";s:7:\"address\";s:39:\"Marcory Centre, Abidjan, C\u00f4te d'Ivoire\";}","floors_enable":"0","gallery":["https:\/\/biim.ci\/wp-content\/uploads\/2025\/06\/centre-225x300.jpg","https:\/\/biim.ci\/wp-content\/uploads\/2025\/06\/centre-2-225x300.jpg","https:\/\/biim.ci\/wp-content\/uploads\/2025\/06\/centre-3-225x300.jpg","https:\/\/biim.ci\/wp-content\/uploads\/2025\/06\/centre-4-225x300.jpg","https:\/\/biim.ci\/wp-content\/uploads\/2025\/06\/centre-5-225x300.jpg","https:\/\/biim.ci\/wp-content\/uploads\/2025\/06\/centre-6-225x300.jpg"],"agent":"","contact_name":"","contact_mail":"","contact_phone":"","contact_description":"","price":"20000","country":"CI","views_count":"401","verified":"0","original_owner_id":"","requires_admin_review":"0","requires_admin_review_fields":"","requires_admin_review_at":"","requires_admin_review_by":"","lifecycle_state":"","soft_deleted":"0","soft_deleted_at":"","soft_deleted_by":"","read_only":"0","availability_ranges":[],"available_from":"","available_to":"","unavailability_applied":"0","unavailability_range_snapshot":"","city":[{"id":22,"code":"abidjan","libelle":"Abidjan"}],"neighborhood":[{"id":722,"code":"marcory","libelle":"Marcory"}],"state":[{"id":37,"code":"a-louer","libelle":"A louer"},{"id":693,"code":"a-reserver","libelle":"A r\u00e9server"}],"features":[{"id":253,"code":"balcon","libelle":"Balcon"},{"id":252,"code":"chauffe-eau","libelle":"Chauffe-eau"},{"id":20,"code":"climatisation","libelle":"Climatisation"},{"id":52,"code":"four-micro-onde","libelle":"Four micro onde"},{"id":55,"code":"refrigerateur","libelle":"R\u00e9frig\u00e9rateur"},{"id":72,"code":"tv-cable","libelle":"TV Cable"}],"labels":[],"cover_image":"https:\/\/biim.ci\/wp-content\/uploads\/2025\/06\/centre-6-225x300.jpg","_links":{"self":[{"href":"https:\/\/biim.ci\/en\/wp-json\/wp\/v2\/property\/37075","targetHints":{"allow":["GET"]}}],"collection":[{"href":"https:\/\/biim.ci\/en\/wp-json\/wp\/v2\/property"}],"about":[{"href":"https:\/\/biim.ci\/en\/wp-json\/wp\/v2\/types\/property"}],"author":[{"embeddable":true,"href":"https:\/\/biim.ci\/en\/wp-json\/wp\/v2\/users\/290"}],"replies":[{"embeddable":true,"href":"https:\/\/biim.ci\/en\/wp-json\/wp\/v2\/comments?post=37075"}],"version-history":[{"count":1,"href":"https:\/\/biim.ci\/en\/wp-json\/wp\/v2\/property\/37075\/revisions"}],"predecessor-version":[{"id":37082,"href":"https:\/\/biim.ci\/en\/wp-json\/wp\/v2\/property\/37075\/revisions\/37082"}],"wp:featuredmedia":[{"embeddable":true,"href":"https:\/\/biim.ci\/en\/wp-json\/wp\/v2\/media\/37081"}],"wp:attachment":[{"href":"https:\/\/biim.ci\/en\/wp-json\/wp\/v2\/media?parent=37075"}],"wp:term":[{"taxonomy":"property-type","embeddable":true,"href":"https:\/\/biim.ci\/en\/wp-json\/wp\/v2\/property-type?post=37075"},{"taxonomy":"property-status","embeddable":true,"href":"https:\/\/biim.ci\/en\/wp-json\/wp\/v2\/property-status?post=37075"},{"taxonomy":"property-feature","embeddable":true,"href":"https:\/\/biim.ci\/en\/wp-json\/wp\/v2\/property-feature?post=37075"},{"taxonomy":"property-label","embeddable":true,"href":"https:\/\/biim.ci\/en\/wp-json\/wp\/v2\/property-label?post=37075"},{"taxonomy":"property-state","embeddable":true,"href":"https:\/\/biim.ci\/en\/wp-json\/wp\/v2\/property-state?post=37075"},{"taxonomy":"property-city","embeddable":true,"href":"https:\/\/biim.ci\/en\/wp-json\/wp\/v2\/property-city?post=37075"},{"taxonomy":"property-neighborhood","embeddable":true,"href":"https:\/\/biim.ci\/en\/wp-json\/wp\/v2\/property-neighborhood?post=37075"}],"curies":[{"name":"wp","href":"https:\/\/api.w.org\/{rel}","templated":true}]}}