{"id":9343,"date":"2021-05-10T13:03:55","date_gmt":"2021-05-10T13:03:55","guid":{"rendered":"http:\/\/biim.ci\/?p=9343"},"modified":"2021-05-10T13:03:58","modified_gmt":"2021-05-10T13:03:58","slug":"universite-de-limmobilier-dabidjan-debut-des-sessions-de-formation","status":"publish","type":"post","link":"https:\/\/biim.ci\/en\/universite-de-limmobilier-dabidjan-debut-des-sessions-de-formation\/","title":{"rendered":"Universit\u00e9 de l&rsquo;Immobilier d&rsquo;Abidjan: d\u00e9but des sessions de formation"},"content":{"rendered":"<p>Le vendredi 07 mai 2021, s\u2019est tenue \u00e0 Abidjan une session de formation de l\u2019universit\u00e9 de l\u2019immobilier en C\u00f4te d\u2019Ivoire. <\/p>\n\n\n\n<p>L&rsquo;\u00e9dition 2021 a \u00e9t\u00e9 lanc\u00e9e le 10 avril dernier par le M. Kon\u00e9 Nagagn\u00e9, Ministre de la Construction, du Logement et de l\u2019Urbanisme. <\/p>\n\n\n\n<p>Ont pris part \u00e0 cette premi\u00e8re session, des am\u00e9nageurs fonciers, des professionnels du BTP, des \u00e9tudiants, des gestionnaires de cabinets et des cadres professionnels. Il \u00e9tait question de connaitre les fondamentaux du droit immobilier afin de maitriser les bases l\u00e9gales du domaine du l\u2019immobilier. <\/p>\n\n\n\n<p>Par ailleurs, rappelons que la 2e session s\u2019ouvrira du 25 au 27 mai prochain avec la formation sur des cas pratiques.<br>Cr\u00e9dit photo : MCLU<\/p>","protected":false},"excerpt":{"rendered":"<p>Le vendredi 07 mai 2021, s\u2019est tenue \u00e0 Abidjan une session de formation de l\u2019universit\u00e9 de l\u2019immobilier en C\u00f4te d\u2019Ivoire. L&rsquo;\u00e9dition 2021 a \u00e9t\u00e9 lanc\u00e9e le 10 avril dernier par le M. Kon\u00e9 Nagagn\u00e9, Ministre de la Construction, du Logement et de l\u2019Urbanisme. Ont pris part \u00e0 cette premi\u00e8re session, des am\u00e9nageurs fonciers, des professionnels [&hellip;]<\/p>\n","protected":false},"author":2,"featured_media":9344,"comment_status":"open","ping_status":"open","sticky":false,"template":"","format":"standard","meta":{"footnotes":""},"categories":[2],"tags":[],"class_list":["post-9343","post","type-post","status-publish","format-standard","has-post-thumbnail","hentry","category-actualite"],"_links":{"self":[{"href":"https:\/\/biim.ci\/en\/wp-json\/wp\/v2\/posts\/9343","targetHints":{"allow":["GET"]}}],"collection":[{"href":"https:\/\/biim.ci\/en\/wp-json\/wp\/v2\/posts"}],"about":[{"href":"https:\/\/biim.ci\/en\/wp-json\/wp\/v2\/types\/post"}],"author":[{"embeddable":true,"href":"https:\/\/biim.ci\/en\/wp-json\/wp\/v2\/users\/2"}],"replies":[{"embeddable":true,"href":"https:\/\/biim.ci\/en\/wp-json\/wp\/v2\/comments?post=9343"}],"version-history":[{"count":1,"href":"https:\/\/biim.ci\/en\/wp-json\/wp\/v2\/posts\/9343\/revisions"}],"predecessor-version":[{"id":9345,"href":"https:\/\/biim.ci\/en\/wp-json\/wp\/v2\/posts\/9343\/revisions\/9345"}],"wp:featuredmedia":[{"embeddable":true,"href":"https:\/\/biim.ci\/en\/wp-json\/wp\/v2\/media\/9344"}],"wp:attachment":[{"href":"https:\/\/biim.ci\/en\/wp-json\/wp\/v2\/media?parent=9343"}],"wp:term":[{"taxonomy":"category","embeddable":true,"href":"https:\/\/biim.ci\/en\/wp-json\/wp\/v2\/categories?post=9343"},{"taxonomy":"post_tag","embeddable":true,"href":"https:\/\/biim.ci\/en\/wp-json\/wp\/v2\/tags?post=9343"}],"curies":[{"name":"wp","href":"https:\/\/api.w.org\/{rel}","templated":true}]}}