{"id":6723,"date":"2020-10-23T16:54:26","date_gmt":"2020-10-23T16:54:26","guid":{"rendered":"http:\/\/biim.ci\/?p=6723"},"modified":"2020-10-23T16:54:27","modified_gmt":"2020-10-23T16:54:27","slug":"code-de-la-construction-et-de-lhabitat-cote-divoire-7","status":"publish","type":"post","link":"https:\/\/biim.ci\/en\/code-de-la-construction-et-de-lhabitat-cote-divoire-7\/","title":{"rendered":"CODE DE LA CONSTRUCTION ET DE L\u2019HABITAT COTE D\u2019IVOIRE"},"content":{"rendered":"<p><strong>LIVRE 1 \u2010 CONSTRUCTION DE L\u2019IMMEUBLE<\/strong><\/p>\n\n\n\n<p><strong>TITRE 1 \u2010 REGLES DE LA CONSTRUCTION<\/strong><\/p>\n\n\n\n<p><strong>SOUS\u2010TITRE 3 \u2010 CONTROLE DES CONSTRUCTIONS<\/strong><\/p>\n\n\n\n<p><strong>CHAPITRE 2 \u2010 COORDINATION LORS DES OPERATIONS DE BATIMENT ET DE GENIE CIVIL<\/strong><\/p>\n\n\n\n<p><strong>SECTION 3 \u2010 PLAN GENERAL DE COORDINATION EN MATIERE DE SECURITE ET DE PROTECTION DE LA SANTE<\/strong><\/p>\n\n\n\n<p>Art.62.\u2010 Lorsque plusieurs entreprises sont appel\u00e9es \u00e0 intervenir sur un chantier qui, soit fait l\u2019objet de la d\u00e9claration pr\u00e9alable pr\u00e9vue \u00e0 l\u2019article 46, soit n\u00e9cessite l\u2019ex\u00e9cution d\u2019un ou de plusieurs des travaux inscrits sur une liste de travaux comportant des risques particuliers d\u00e9termin\u00e9e par voie r\u00e9glementaire, le ma\u00eetre d\u2019ouvrage fait \u00e9tablir par le coordonnateur un plan g\u00e9n\u00e9ral de coordination en mati\u00e8re de s\u00e9curit\u00e9 et de protection de la sant\u00e9. Le plan g\u00e9n\u00e9ral de coordination est un document \u00e9crit qui d\u00e9finit l\u2019ensemble des mesures propres \u00e0 pr\u00e9venir les risques d\u00e9coulant de l\u2019interf\u00e9rence des activit\u00e9s des diff\u00e9rents intervenants sur le chantier, ou de la succession de leurs activit\u00e9s lorsqu\u2019une intervention laisse subsister, apr\u00e8s son ach\u00e8vement, des risques pour les autres entreprises. Ce plan est r\u00e9dig\u00e9 d\u00e8s la phase de conception, d\u2019\u00e9tude et d\u2019\u00e9laboration du projet et tenu \u00e0 jour pendant toute la dur\u00e9e des travaux.<\/p>\n\n\n\n<p><strong>SECTION 4 \u2010 PLAN PARTICULIER DE SECURITE ET DE PROTECTION DE LA SANTE<\/strong><\/p>\n\n\n\n<p>Art.63.\u2010 Sur les chantiers soumis \u00e0 l\u2019obligation d\u2019\u00e9tablir le plan g\u00e9n\u00e9ral de coordination pr\u00e9vu \u00e0 l\u2019article 62 ci\u2010dessus, chaque entreprise, y compris les entreprises sous\u2010 traitantes, appel\u00e9e \u00e0 intervenir \u00e0 un moment quelconque des travaux, \u00e9tablit, avant le d\u00e9but des travaux, un plan particulier de s\u00e9curit\u00e9 et de protection de la sant\u00e9. Ce plan est communiqu\u00e9 au coordonnateur. Toute entreprise appel\u00e9e \u00e0 ex\u00e9cuter seule des travaux dont la dur\u00e9e et le volume pr\u00e9vus exc\u00e8dent les seuils fix\u00e9s par voie r\u00e9glementaire, \u00e9tablit \u00e9galement ce plan. Elle le communique au ma\u00eetre d\u2019ouvrage.<\/p>\n\n\n\n<p><strong>SECTION 5 \u2010 INTERVENTIONS ULTERIEURES SUR L\u2019OUVRAGE<\/strong><\/p>\n\n\n\n<p>Art.64.\u2010 Sauf dans les cas pr\u00e9vus \u00e0 l\u2019article 60 ci\u2010dessus, au fur et \u00e0 mesure du d\u00e9roulement des phases de conception, d\u2019\u00e9tude et d\u2019\u00e9laboration du projet puis de la r\u00e9alisation de l\u2019ouvrage, le ma\u00eetre d\u2019ouvrage fait \u00e9tablir et compl\u00e9ter par le coordonnateur un dossier rassemblant toutes les donn\u00e9es de nature \u00e0 faciliter la pr\u00e9vention des risques professionnels lors d\u2019interventions ult\u00e9rieures.<\/p>\n\n\n\n<p><strong>SECTION 6 \u2010 TRAVAUX D\u2019EXTREME URGENCE<\/strong><\/p>\n\n\n\n<p>&nbsp;Art.65.\u2010 En cas de travaux d\u2019extr\u00eame urgence dont l\u2019ex\u00e9cution imm\u00e9diate est n\u00e9cessaire pour pr\u00e9venir des accidents graves et imminents ou organiser des mesures de sauvetage, les obligations suivantes ne s\u2019appliquent pas :<\/p>\n\n\n\n<p>\u00b7 &nbsp;envoi de la d\u00e9claration pr\u00e9alable pr\u00e9vue \u00e0 l\u2019article 46 ci\u2010dessus ;<\/p>\n\n\n\n<p>\u00b7 &nbsp;\u00e9tablissement d\u2019un plan g\u00e9n\u00e9ral de coordination en mati\u00e8re de s\u00e9curit\u00e9 et de protection de la sant\u00e9 pr\u00e9vu \u00e0 l\u2019article 62 ci\u2010dessus ;<\/p>\n\n\n\n<p>\u00b7 &nbsp;\u00e9tablissement et envoi d\u2019un plan particulier de s\u00e9curit\u00e9 et de protection de la sant\u00e9 pr\u00e9vu \u00e0 l\u2019article 63 ci\u2010dessus.<\/p>\n\n\n\n<p><strong>SECTION 7 \u2010 CONTRAT AVEC LE COORDONNATEUR EN MATIERE DE SECURITE ET DE PROTECTION DE LA SANTE<\/strong><\/p>\n\n\n\n<p>Art.66.\u2010 La mission de coordination fait l\u2019objet de contrats ou d\u2019avenants sp\u00e9cifiques \u00e9crits. Elle est r\u00e9mun\u00e9r\u00e9e distinctement.<\/p>\n\n\n\n<p>Art.67.\u2010 La r\u00e9mun\u00e9ration tient compte, notamment, du temps pass\u00e9 sur le chantier par le coordonnateur et, le cas \u00e9ch\u00e9ant, des frais de fonctionnement occasionn\u00e9s par la mise en place du coll\u00e8ge interentreprises de s\u00e9curit\u00e9, de sant\u00e9 et des conditions de travail, en particulier, des frais de secr\u00e9tariat.<\/p>\n\n\n\n<p>Art.68.\u2010 Lorsque le coordonnateur est employ\u00e9 par le ma\u00eetre d\u2019ouvrage et li\u00e9 \u00e0 celui\u2010ci par un contrat de travail, la mission de coordination fait l\u2019objet d\u2019un document \u00e9crit permettant d\u2019individualiser chaque op\u00e9ration. Le contrat, l\u2019avenant ou le document :<\/p>\n\n\n\n<p>\u00b7 &nbsp;d\u00e9finit le contenu de la mission confi\u00e9e au coordonnateur, les moyens, notamment financiers, que le ma\u00eetre d\u2019ouvrage met \u00e0 la disposition de celui\u2010ci ainsi que l\u2019autorit\u00e9 qu\u2019il lui conf\u00e8re par rapport \u00e0 l\u2019ensemble des intervenants dans l\u2019op\u00e9ration, ma\u00eetre d\u2019\u0153uvre et entrepreneurs, employeurs ou travailleurs ind\u00e9pendants ;<\/p>\n\n\n\n<p>\u00b7 &nbsp;pr\u00e9cise les obligations du coordonnateur, notamment les modalit\u00e9s de sa pr\u00e9sence aux r\u00e9unions lors de la phase de conception, d\u2019\u00e9tude et d\u2019\u00e9laboration du projet et aux r\u00e9unions de chantier pendant la phase de r\u00e9alisation de l\u2019ouvrage.<\/p>","protected":false},"excerpt":{"rendered":"<p>LIVRE 1 \u2010 CONSTRUCTION DE L\u2019IMMEUBLE TITRE 1 \u2010 REGLES DE LA CONSTRUCTION SOUS\u2010TITRE 3 \u2010 CONTROLE DES CONSTRUCTIONS CHAPITRE 2 \u2010 COORDINATION LORS DES OPERATIONS DE BATIMENT ET DE GENIE CIVIL SECTION 3 \u2010 PLAN GENERAL DE COORDINATION EN MATIERE DE SECURITE ET DE PROTECTION DE LA SANTE Art.62.\u2010 Lorsque plusieurs entreprises sont appel\u00e9es [&hellip;]<\/p>\n","protected":false},"author":2,"featured_media":6724,"comment_status":"open","ping_status":"open","sticky":false,"template":"","format":"standard","meta":{"footnotes":""},"categories":[4],"tags":[],"class_list":["post-6723","post","type-post","status-publish","format-standard","has-post-thumbnail","hentry","category-bon-a-savoir"],"_links":{"self":[{"href":"https:\/\/biim.ci\/en\/wp-json\/wp\/v2\/posts\/6723","targetHints":{"allow":["GET"]}}],"collection":[{"href":"https:\/\/biim.ci\/en\/wp-json\/wp\/v2\/posts"}],"about":[{"href":"https:\/\/biim.ci\/en\/wp-json\/wp\/v2\/types\/post"}],"author":[{"embeddable":true,"href":"https:\/\/biim.ci\/en\/wp-json\/wp\/v2\/users\/2"}],"replies":[{"embeddable":true,"href":"https:\/\/biim.ci\/en\/wp-json\/wp\/v2\/comments?post=6723"}],"version-history":[{"count":1,"href":"https:\/\/biim.ci\/en\/wp-json\/wp\/v2\/posts\/6723\/revisions"}],"predecessor-version":[{"id":6725,"href":"https:\/\/biim.ci\/en\/wp-json\/wp\/v2\/posts\/6723\/revisions\/6725"}],"wp:featuredmedia":[{"embeddable":true,"href":"https:\/\/biim.ci\/en\/wp-json\/wp\/v2\/media\/6724"}],"wp:attachment":[{"href":"https:\/\/biim.ci\/en\/wp-json\/wp\/v2\/media?parent=6723"}],"wp:term":[{"taxonomy":"category","embeddable":true,"href":"https:\/\/biim.ci\/en\/wp-json\/wp\/v2\/categories?post=6723"},{"taxonomy":"post_tag","embeddable":true,"href":"https:\/\/biim.ci\/en\/wp-json\/wp\/v2\/tags?post=6723"}],"curies":[{"name":"wp","href":"https:\/\/api.w.org\/{rel}","templated":true}]}}