{"id":309,"date":"2020-09-29T10:20:46","date_gmt":"2020-09-29T10:20:46","guid":{"rendered":"http:\/\/biim.ci\/?p=309"},"modified":"2020-10-08T10:08:11","modified_gmt":"2020-10-08T10:08:11","slug":"code-des-loyers-et-baux-commerciaux","status":"publish","type":"post","link":"https:\/\/biim.ci\/en\/code-des-loyers-et-baux-commerciaux\/","title":{"rendered":"Code des loyers et baux commerciaux"},"content":{"rendered":"<div class=\"wpb-content-wrapper\"><div class=\"vc_row wpb_row vc_row-fluid\"><div class=\"wpb_column vc_column_container vc_col-sm-12\"><div class=\"vc_column-inner\"><div class=\"wpb_wrapper\">\n\t<div class=\"wpb_text_column wpb_content_element\" >\n\t\t<div class=\"wpb_wrapper\">\n\t\t\t<p>CONTRAT DE BAIL<br \/>\nSelon le code du loyer \u00e9tabli par le Droit Communautaire acte OHADA relatif au droit commercial g\u00e9n\u00e9ral,<br \/>\nl&rsquo;article 69 stipule que:<br \/>\nLes dispositions du pr\u00e9sent Titre sont applicables dans les villes de plus de cinq mille habitants, \u00e0 tous<br \/>\nles baux portant sur des immeubles rentrant dans les cat\u00e9gories suivantes :<\/p>\n\n\t\t<\/div>\n\t<\/div>\n<\/div><\/div><\/div><div class=\"wpb_column vc_column_container vc_col-sm-4\"><div class=\"vc_column-inner\"><div class=\"wpb_wrapper\">\n\t<div class=\"wpb_text_column wpb_content_element\" >\n\t\t<div class=\"wpb_wrapper\">\n\t\t\t<p>1\u00b0) Locaux ou immeubles \u00e0 usage commercial, industriel, artisanal ou professionnel<\/p>\n\n\t\t<\/div>\n\t<\/div>\n<\/div><\/div><\/div><div class=\"wpb_column vc_column_container vc_col-sm-4\"><div class=\"vc_column-inner\"><div class=\"wpb_wrapper\">\n\t<div class=\"wpb_text_column wpb_content_element\" >\n\t\t<div class=\"wpb_wrapper\">\n\t\t\t<p>2\u00b0) Locaux accessoires d\u00e9pendant d&rsquo;un local ou d&rsquo;un immeuble \u00e0 usage commercial, industriel, artisanal ou professionnel, \u00e0 la condition, si ces locaux accessoires appartiennent \u00e0 des propri\u00e9taires diff\u00e9rents, que cette<br \/>\nlocation ait \u00e9t\u00e9 faite en vue de l&rsquo;utilisation jointe que leur destinait le preneur, et que cette destination ait \u00e9t\u00e9 connue du bailleur au moment de la conclusion du bail.<\/p>\n\n\t\t<\/div>\n\t<\/div>\n<\/div><\/div><\/div><div class=\"wpb_column vc_column_container vc_col-sm-4\"><div class=\"vc_column-inner\"><div class=\"wpb_wrapper\">\n\t<div class=\"wpb_text_column wpb_content_element\" >\n\t\t<div class=\"wpb_wrapper\">\n\t\t\t<p>3\u00b0) Terrains nus sur lesquels ont \u00e9t\u00e9 \u00e9difi\u00e9es, avant ou apr\u00e8s la conclusion du bail, des constructions \u00e0 usage industriel, commercial, artisanal ou professionnel, si ces constructions ont \u00e9t\u00e9 \u00e9lev\u00e9es ou exploit\u00e9es avec<br \/>\nle consentement du propri\u00e9taire, ou \u00e0 sa connaissance.<\/p>\n\n\t\t<\/div>\n\t<\/div>\n<\/div><\/div><\/div><\/div>\n<\/div>","protected":false},"excerpt":{"rendered":"<p>Pellentesque habitant morbi tristique senectus et netus et malesuada fames ac turpis egestas. Vestibulum tortor quam, feugiat vitae, ultricies eget, tempor sit amet, ante. Donec eu libero sit amet quam egestas semper. Aenean ultricies mi vitae est. Mauris placerat eleifend leo.<\/p>","protected":false},"author":2,"featured_media":5064,"comment_status":"open","ping_status":"open","sticky":false,"template":"","format":"standard","meta":{"footnotes":""},"categories":[4],"tags":[255,258,257],"class_list":["post-309","post","type-post","status-publish","format-standard","has-post-thumbnail","hentry","category-bon-a-savoir","tag-bailleurs","tag-code-des-baux","tag-code-des-loyers"],"_links":{"self":[{"href":"https:\/\/biim.ci\/en\/wp-json\/wp\/v2\/posts\/309","targetHints":{"allow":["GET"]}}],"collection":[{"href":"https:\/\/biim.ci\/en\/wp-json\/wp\/v2\/posts"}],"about":[{"href":"https:\/\/biim.ci\/en\/wp-json\/wp\/v2\/types\/post"}],"author":[{"embeddable":true,"href":"https:\/\/biim.ci\/en\/wp-json\/wp\/v2\/users\/2"}],"replies":[{"embeddable":true,"href":"https:\/\/biim.ci\/en\/wp-json\/wp\/v2\/comments?post=309"}],"version-history":[{"count":4,"href":"https:\/\/biim.ci\/en\/wp-json\/wp\/v2\/posts\/309\/revisions"}],"predecessor-version":[{"id":5066,"href":"https:\/\/biim.ci\/en\/wp-json\/wp\/v2\/posts\/309\/revisions\/5066"}],"wp:featuredmedia":[{"embeddable":true,"href":"https:\/\/biim.ci\/en\/wp-json\/wp\/v2\/media\/5064"}],"wp:attachment":[{"href":"https:\/\/biim.ci\/en\/wp-json\/wp\/v2\/media?parent=309"}],"wp:term":[{"taxonomy":"category","embeddable":true,"href":"https:\/\/biim.ci\/en\/wp-json\/wp\/v2\/categories?post=309"},{"taxonomy":"post_tag","embeddable":true,"href":"https:\/\/biim.ci\/en\/wp-json\/wp\/v2\/tags?post=309"}],"curies":[{"name":"wp","href":"https:\/\/api.w.org\/{rel}","templated":true}]}}