{"id":29763,"date":"2023-08-24T17:30:00","date_gmt":"2023-08-24T17:30:00","guid":{"rendered":"https:\/\/biim.ci\/?p=29763"},"modified":"2023-08-23T23:16:55","modified_gmt":"2023-08-23T23:16:55","slug":"lancement-dun-programme-immobilier-dans-la-bagoue","status":"publish","type":"post","link":"https:\/\/biim.ci\/en\/lancement-dun-programme-immobilier-dans-la-bagoue\/","title":{"rendered":"LANCEMENT D\u2019UN PROGRAMME IMMOBILIER DANS LA BAGOUE"},"content":{"rendered":"<p>Ce jeudi 17 aout 2023 a eu lieu la c\u00e9r\u00e9monie de pose de la premi\u00e8re pierre d\u2019un nouveau programme immobilier de haut standing dans la bagoue. Plac\u00e9 sous le parrainage de monsieur BRUNO KON\u00c9, ce programme est pr\u00e9vu pour \u00eatre ex\u00e9cut\u00e9 dans les villes de KOUTO et KOLIA dans le nord de la c\u00f4te d\u2019ivoire. &lt;Les merveilles de la bagoue&gt; a l\u2019instar de tous les projets immobilier initi\u00e9 par monsieur YAMOUSSA COULIBALY, a pour objectif principale la r\u00e9duction du d\u00e9ficit de logement en c\u00f4te mais ici l\u2019on vise \u00e9galement le d\u00e9veloppement urbain dans le nord du pays de sorte a ce qu\u2019a long terme l\u2019on retrouve les m\u00eame infrastructures et commodit\u00e9s sur toute l\u2019\u00e9tendu du territoire.<\/p>","protected":false},"excerpt":{"rendered":"<p>Ce jeudi 17 aout 2023 a eu lieu la c\u00e9r\u00e9monie de pose de la premi\u00e8re pierre d\u2019un nouveau programme immobilier de haut standing dans la bagoue. Plac\u00e9 sous le parrainage de monsieur BRUNO KON\u00c9, ce programme est pr\u00e9vu pour \u00eatre ex\u00e9cut\u00e9 dans les villes de KOUTO et KOLIA dans le nord de la c\u00f4te d\u2019ivoire. [&hellip;]<\/p>\n","protected":false},"author":41,"featured_media":29764,"comment_status":"open","ping_status":"open","sticky":false,"template":"","format":"standard","meta":{"footnotes":""},"categories":[2],"tags":[],"class_list":["post-29763","post","type-post","status-publish","format-standard","has-post-thumbnail","hentry","category-actualite"],"_links":{"self":[{"href":"https:\/\/biim.ci\/en\/wp-json\/wp\/v2\/posts\/29763","targetHints":{"allow":["GET"]}}],"collection":[{"href":"https:\/\/biim.ci\/en\/wp-json\/wp\/v2\/posts"}],"about":[{"href":"https:\/\/biim.ci\/en\/wp-json\/wp\/v2\/types\/post"}],"author":[{"embeddable":true,"href":"https:\/\/biim.ci\/en\/wp-json\/wp\/v2\/users\/41"}],"replies":[{"embeddable":true,"href":"https:\/\/biim.ci\/en\/wp-json\/wp\/v2\/comments?post=29763"}],"version-history":[{"count":1,"href":"https:\/\/biim.ci\/en\/wp-json\/wp\/v2\/posts\/29763\/revisions"}],"predecessor-version":[{"id":29765,"href":"https:\/\/biim.ci\/en\/wp-json\/wp\/v2\/posts\/29763\/revisions\/29765"}],"wp:featuredmedia":[{"embeddable":true,"href":"https:\/\/biim.ci\/en\/wp-json\/wp\/v2\/media\/29764"}],"wp:attachment":[{"href":"https:\/\/biim.ci\/en\/wp-json\/wp\/v2\/media?parent=29763"}],"wp:term":[{"taxonomy":"category","embeddable":true,"href":"https:\/\/biim.ci\/en\/wp-json\/wp\/v2\/categories?post=29763"},{"taxonomy":"post_tag","embeddable":true,"href":"https:\/\/biim.ci\/en\/wp-json\/wp\/v2\/tags?post=29763"}],"curies":[{"name":"wp","href":"https:\/\/api.w.org\/{rel}","templated":true}]}}