{"id":27751,"date":"2023-04-27T09:06:10","date_gmt":"2023-04-27T09:06:10","guid":{"rendered":"https:\/\/biim.ci\/?p=27751"},"modified":"2023-04-27T11:54:57","modified_gmt":"2023-04-27T11:54:57","slug":"ceremonie-de-remise-officielle-du-projet-pyramide-2023","status":"publish","type":"post","link":"https:\/\/biim.ci\/en\/ceremonie-de-remise-officielle-du-projet-pyramide-2023\/","title":{"rendered":"C\u00c9R\u00c9MONIE DE REMISE OFFICIELLE DU PROJET \u00ab\u00a0PYRAMIDE 2023\u00a0\u00bb"},"content":{"rendered":"<p>Le projet \u00ab\u00a0Pyramide 2023\u00a0\u00bb a \u00e9t\u00e9 officiellement remis le jeudi 23 mars en pr\u00e9sence des autorit\u00e9s en charge de la culture et du tourisme. En effet, L\u2019immeuble La Pyramide a fait peau neuve gr\u00e2ce au talent de plusieurs artistes nationaux et internationaux et C&rsquo;est avec une vive \u00e9motion que le Ministre Bruno Nabagn\u00e9 KON\u00c9 a assist\u00e9 \u00e0 cet \u00e9v\u00e8nement de haute port\u00e9e culturelle qui vient donner une seconde vie \u00e0 cet \u00e9difice embl\u00e9matique de l&rsquo;histoire moderne de la C\u00f4te d\u2019Ivoire.<\/p>\n\n\n\n<p>\u00a0\u00c0 cette occasion, le Ministre Bruno Nabagn\u00e9 KON\u00c9 a exprim\u00e9 sa satisfaction devant cette noble initiative  d&#8217;embellissement. \u00ab\u00a0Je suis d&rsquo;autant plus heureux que ce projet contribue \u00e0 rendre plus agr\u00e9able notre cadre de vie, chose laquelle nous sommes tr\u00e8s attach\u00e9s au minist\u00e8re de la Construction et pour laquelle nous nous battons au quotidien.\u00a0\u00bb, a-t-il d\u00e9clar\u00e9.<\/p>\n\n\n\n<p>&nbsp;L\u2019\u00e9v\u00e8nement \u00e9tait plac\u00e9 sous la pr\u00e9sidence de Fran\u00e7oise Remarck, ministre de la Culture et de la Francophonie, et le parrainage de Siandou Fofana, ministre du Tourisme. \u00c9taient \u00e9galement pr\u00e9sents en plus de M. Bruno Kon\u00e9, ministre de la Construction, du logement et de l\u2019urbanisme, Alain Donwahi, pr\u00e9sident de la COP15 et Jacques Ehouo, d\u00e9put\u00e9-maire du Plateau.<\/p>","protected":false},"excerpt":{"rendered":"<p>Le projet \u00ab\u00a0Pyramide 2023\u00a0\u00bb a \u00e9t\u00e9 officiellement remis le jeudi 23 mars en pr\u00e9sence des autorit\u00e9s en charge de la culture et du tourisme. En effet, L\u2019immeuble La Pyramide a fait peau neuve gr\u00e2ce au talent de plusieurs artistes nationaux et internationaux et C&rsquo;est avec une vive \u00e9motion que le Ministre Bruno Nabagn\u00e9 KON\u00c9 a [&hellip;]<\/p>\n","protected":false},"author":41,"featured_media":27752,"comment_status":"open","ping_status":"open","sticky":false,"template":"","format":"standard","meta":{"footnotes":""},"categories":[2],"tags":[],"class_list":["post-27751","post","type-post","status-publish","format-standard","has-post-thumbnail","hentry","category-actualite"],"_links":{"self":[{"href":"https:\/\/biim.ci\/en\/wp-json\/wp\/v2\/posts\/27751","targetHints":{"allow":["GET"]}}],"collection":[{"href":"https:\/\/biim.ci\/en\/wp-json\/wp\/v2\/posts"}],"about":[{"href":"https:\/\/biim.ci\/en\/wp-json\/wp\/v2\/types\/post"}],"author":[{"embeddable":true,"href":"https:\/\/biim.ci\/en\/wp-json\/wp\/v2\/users\/41"}],"replies":[{"embeddable":true,"href":"https:\/\/biim.ci\/en\/wp-json\/wp\/v2\/comments?post=27751"}],"version-history":[{"count":3,"href":"https:\/\/biim.ci\/en\/wp-json\/wp\/v2\/posts\/27751\/revisions"}],"predecessor-version":[{"id":27755,"href":"https:\/\/biim.ci\/en\/wp-json\/wp\/v2\/posts\/27751\/revisions\/27755"}],"wp:featuredmedia":[{"embeddable":true,"href":"https:\/\/biim.ci\/en\/wp-json\/wp\/v2\/media\/27752"}],"wp:attachment":[{"href":"https:\/\/biim.ci\/en\/wp-json\/wp\/v2\/media?parent=27751"}],"wp:term":[{"taxonomy":"category","embeddable":true,"href":"https:\/\/biim.ci\/en\/wp-json\/wp\/v2\/categories?post=27751"},{"taxonomy":"post_tag","embeddable":true,"href":"https:\/\/biim.ci\/en\/wp-json\/wp\/v2\/tags?post=27751"}],"curies":[{"name":"wp","href":"https:\/\/api.w.org\/{rel}","templated":true}]}}