{"id":27009,"date":"2023-03-23T17:30:00","date_gmt":"2023-03-23T17:30:00","guid":{"rendered":"https:\/\/biim.ci\/?p=27009"},"modified":"2023-03-22T17:38:47","modified_gmt":"2023-03-22T17:38:47","slug":"un-syndicat-pour-les-agents-immobilier","status":"publish","type":"post","link":"https:\/\/biim.ci\/en\/un-syndicat-pour-les-agents-immobilier\/","title":{"rendered":"UN SYNDICAT POUR LES AGENTS IMMOBILIERS"},"content":{"rendered":"<p>En vue de d\u00e9fendre les droits des bailleurs et des locataires, LE SYNDICAT DES IMMOBILIERS DE C\u00d4TE D\u2019IVOIRE(SICI) a officiellement vu le jour ce mercredi 15 mars 2023 au cours d\u2019une conf\u00e9rence de presse. Avec \u00e0 sa t\u00eate monsieur OUSSOU DOMINIQUE, ce syndicat qui se pr\u00e9sente comme un interm\u00e9diaire de choix entre bailleurs, locataires et agent immobilier pr\u00e9voit rem\u00e9dier aux nombreux maux qui mine le secteur de l\u2019immobilier ivoirien.<\/p>","protected":false},"excerpt":{"rendered":"<p>En vue de d\u00e9fendre les droits des bailleurs et des locataires, LE SYNDICAT DES IMMOBILIERS DE C\u00d4TE D\u2019IVOIRE(SICI) a officiellement vu le jour ce mercredi 15 mars 2023 au cours d\u2019une conf\u00e9rence de presse. Avec \u00e0 sa t\u00eate monsieur OUSSOU DOMINIQUE, ce syndicat qui se pr\u00e9sente comme un interm\u00e9diaire de choix entre bailleurs, locataires et [&hellip;]<\/p>\n","protected":false},"author":41,"featured_media":27011,"comment_status":"open","ping_status":"open","sticky":false,"template":"","format":"standard","meta":{"footnotes":""},"categories":[2],"tags":[],"class_list":["post-27009","post","type-post","status-publish","format-standard","has-post-thumbnail","hentry","category-actualite"],"_links":{"self":[{"href":"https:\/\/biim.ci\/en\/wp-json\/wp\/v2\/posts\/27009","targetHints":{"allow":["GET"]}}],"collection":[{"href":"https:\/\/biim.ci\/en\/wp-json\/wp\/v2\/posts"}],"about":[{"href":"https:\/\/biim.ci\/en\/wp-json\/wp\/v2\/types\/post"}],"author":[{"embeddable":true,"href":"https:\/\/biim.ci\/en\/wp-json\/wp\/v2\/users\/41"}],"replies":[{"embeddable":true,"href":"https:\/\/biim.ci\/en\/wp-json\/wp\/v2\/comments?post=27009"}],"version-history":[{"count":2,"href":"https:\/\/biim.ci\/en\/wp-json\/wp\/v2\/posts\/27009\/revisions"}],"predecessor-version":[{"id":27017,"href":"https:\/\/biim.ci\/en\/wp-json\/wp\/v2\/posts\/27009\/revisions\/27017"}],"wp:featuredmedia":[{"embeddable":true,"href":"https:\/\/biim.ci\/en\/wp-json\/wp\/v2\/media\/27011"}],"wp:attachment":[{"href":"https:\/\/biim.ci\/en\/wp-json\/wp\/v2\/media?parent=27009"}],"wp:term":[{"taxonomy":"category","embeddable":true,"href":"https:\/\/biim.ci\/en\/wp-json\/wp\/v2\/categories?post=27009"},{"taxonomy":"post_tag","embeddable":true,"href":"https:\/\/biim.ci\/en\/wp-json\/wp\/v2\/tags?post=27009"}],"curies":[{"name":"wp","href":"https:\/\/api.w.org\/{rel}","templated":true}]}}