{"id":26751,"date":"2023-03-09T16:24:03","date_gmt":"2023-03-09T16:24:03","guid":{"rendered":"https:\/\/biim.ci\/?p=26751"},"modified":"2023-03-09T16:24:05","modified_gmt":"2023-03-09T16:24:05","slug":"nouveaux-projet-immobilier-dans-la-commune-de-bingerville","status":"publish","type":"post","link":"https:\/\/biim.ci\/en\/nouveaux-projet-immobilier-dans-la-commune-de-bingerville\/","title":{"rendered":"NOUVEAUX PROJET IMMOBILIER DANS LA COMMUNE DE BINGERVILLE"},"content":{"rendered":"<p>Ce samedi 4 mars 2023, un nouveau projet immobilier a \u00e9t\u00e9 lanc\u00e9 dans la commune de Bingerville.<\/p>\n\n\n\n<p>&nbsp;Initi\u00e9 par le groupe EDEN AFRIQUE HOLDING le projet GREEN GARDEN vise la construction de 208 appartements moderne qui prennent en compte les aspects \u00e9cologiques et environnementales ; Ce sont des villes intelligentes.<\/p>\n\n\n\n<p>Le directeur g\u00e9n\u00e9ral du groupe a dit vouloir accompagner le gouvernement ivoirien dans sa vision de r\u00e9solution du d\u00e9ficit de logement sur l\u2019\u00e9tendue du territoire.<\/p>\n\n\n\n<p>&nbsp;Cette c\u00e9r\u00e9monie fut l\u2019occasion de pr\u00e9senter d\u2019autres projets immobiliers \u00e0 venir.<\/p>","protected":false},"excerpt":{"rendered":"<p>Ce samedi 4 mars 2023, un nouveau projet immobilier a \u00e9t\u00e9 lanc\u00e9 dans la commune de Bingerville. &nbsp;Initi\u00e9 par le groupe EDEN AFRIQUE HOLDING le projet GREEN GARDEN vise la construction de 208 appartements moderne qui prennent en compte les aspects \u00e9cologiques et environnementales ; Ce sont des villes intelligentes. Le directeur g\u00e9n\u00e9ral du groupe [&hellip;]<\/p>\n","protected":false},"author":41,"featured_media":26752,"comment_status":"open","ping_status":"open","sticky":false,"template":"","format":"standard","meta":{"footnotes":""},"categories":[2],"tags":[],"class_list":["post-26751","post","type-post","status-publish","format-standard","has-post-thumbnail","hentry","category-actualite"],"_links":{"self":[{"href":"https:\/\/biim.ci\/en\/wp-json\/wp\/v2\/posts\/26751","targetHints":{"allow":["GET"]}}],"collection":[{"href":"https:\/\/biim.ci\/en\/wp-json\/wp\/v2\/posts"}],"about":[{"href":"https:\/\/biim.ci\/en\/wp-json\/wp\/v2\/types\/post"}],"author":[{"embeddable":true,"href":"https:\/\/biim.ci\/en\/wp-json\/wp\/v2\/users\/41"}],"replies":[{"embeddable":true,"href":"https:\/\/biim.ci\/en\/wp-json\/wp\/v2\/comments?post=26751"}],"version-history":[{"count":1,"href":"https:\/\/biim.ci\/en\/wp-json\/wp\/v2\/posts\/26751\/revisions"}],"predecessor-version":[{"id":26753,"href":"https:\/\/biim.ci\/en\/wp-json\/wp\/v2\/posts\/26751\/revisions\/26753"}],"wp:featuredmedia":[{"embeddable":true,"href":"https:\/\/biim.ci\/en\/wp-json\/wp\/v2\/media\/26752"}],"wp:attachment":[{"href":"https:\/\/biim.ci\/en\/wp-json\/wp\/v2\/media?parent=26751"}],"wp:term":[{"taxonomy":"category","embeddable":true,"href":"https:\/\/biim.ci\/en\/wp-json\/wp\/v2\/categories?post=26751"},{"taxonomy":"post_tag","embeddable":true,"href":"https:\/\/biim.ci\/en\/wp-json\/wp\/v2\/tags?post=26751"}],"curies":[{"name":"wp","href":"https:\/\/api.w.org\/{rel}","templated":true}]}}