{"id":26698,"date":"2023-03-06T16:43:48","date_gmt":"2023-03-06T16:43:48","guid":{"rendered":"https:\/\/biim.ci\/?p=26698"},"modified":"2023-03-07T17:55:17","modified_gmt":"2023-03-07T17:55:17","slug":"salon-de-limmobilier","status":"publish","type":"post","link":"https:\/\/biim.ci\/en\/salon-de-limmobilier\/","title":{"rendered":"SALON DE L\u2019IMMOBILIER"},"content":{"rendered":"<p>La 5eme \u00e9dition du salon de l\u2019immobilier s&rsquo;est tenue ces 4 et 5 mars 2023 au SOFITEL H\u00d4TEL IVOIRE. Cette \u00e9dition fut meubl\u00e9e par de nombreux panels et conf\u00e9rences, mais fut \u00e9galement une opportunit\u00e9 pour les entreprises locales de se faire connaitre et \u00e9largir ainsi leurs portefeuilles client et de partenaire \u00e0 travers le partage d\u2019exp\u00e9riences.<\/p>","protected":false},"excerpt":{"rendered":"<p>La 5eme \u00e9dition du salon de l\u2019immobilier s&rsquo;est tenue ces 4 et 5 mars 2023 au SOFITEL H\u00d4TEL IVOIRE. Cette \u00e9dition fut meubl\u00e9e par de nombreux panels et conf\u00e9rences, mais fut \u00e9galement une opportunit\u00e9 pour les entreprises locales de se faire connaitre et \u00e9largir ainsi leurs portefeuilles client et de partenaire \u00e0 travers le partage [&hellip;]<\/p>\n","protected":false},"author":41,"featured_media":26699,"comment_status":"open","ping_status":"open","sticky":false,"template":"","format":"standard","meta":{"footnotes":""},"categories":[2],"tags":[],"class_list":["post-26698","post","type-post","status-publish","format-standard","has-post-thumbnail","hentry","category-actualite"],"_links":{"self":[{"href":"https:\/\/biim.ci\/en\/wp-json\/wp\/v2\/posts\/26698","targetHints":{"allow":["GET"]}}],"collection":[{"href":"https:\/\/biim.ci\/en\/wp-json\/wp\/v2\/posts"}],"about":[{"href":"https:\/\/biim.ci\/en\/wp-json\/wp\/v2\/types\/post"}],"author":[{"embeddable":true,"href":"https:\/\/biim.ci\/en\/wp-json\/wp\/v2\/users\/41"}],"replies":[{"embeddable":true,"href":"https:\/\/biim.ci\/en\/wp-json\/wp\/v2\/comments?post=26698"}],"version-history":[{"count":2,"href":"https:\/\/biim.ci\/en\/wp-json\/wp\/v2\/posts\/26698\/revisions"}],"predecessor-version":[{"id":26740,"href":"https:\/\/biim.ci\/en\/wp-json\/wp\/v2\/posts\/26698\/revisions\/26740"}],"wp:featuredmedia":[{"embeddable":true,"href":"https:\/\/biim.ci\/en\/wp-json\/wp\/v2\/media\/26699"}],"wp:attachment":[{"href":"https:\/\/biim.ci\/en\/wp-json\/wp\/v2\/media?parent=26698"}],"wp:term":[{"taxonomy":"category","embeddable":true,"href":"https:\/\/biim.ci\/en\/wp-json\/wp\/v2\/categories?post=26698"},{"taxonomy":"post_tag","embeddable":true,"href":"https:\/\/biim.ci\/en\/wp-json\/wp\/v2\/tags?post=26698"}],"curies":[{"name":"wp","href":"https:\/\/api.w.org\/{rel}","templated":true}]}}