{"id":26349,"date":"2023-02-16T15:45:37","date_gmt":"2023-02-16T15:45:37","guid":{"rendered":"https:\/\/biim.ci\/?p=26349"},"modified":"2023-02-16T15:45:40","modified_gmt":"2023-02-16T15:45:40","slug":"effondrement-dun-immeuble-a-marcory-zone-4-rencontre-entre-les-protagonistes-et-le-representant-du-ministre-de-la-construction","status":"publish","type":"post","link":"https:\/\/biim.ci\/en\/effondrement-dun-immeuble-a-marcory-zone-4-rencontre-entre-les-protagonistes-et-le-representant-du-ministre-de-la-construction\/","title":{"rendered":"EFFONDREMENT D&rsquo;UN IMMEUBLE A MARCORY ZONE 4 RENCONTRE ENTRE LES PROTAGONISTES ET LE REPR\u00c9SENTANT DU MINISTRE DE LA CONSTRUCTION"},"content":{"rendered":"<p>Ce mardi 14 f\u00e9vrier 2023 apr\u00e8s-midi dans la salle de conf\u00e9rence du 17eme \u00e9tage de la tour A au plateau s\u2019est tenu une r\u00e9union technique entre le directeur du cabinet du ministre de la construction, monsieur Alexandre KOUAM\u00c9 et les acteurs impliqu\u00e9s dans la construction de l\u2019immeuble R+7 dont la dalle de couverture de la rampe d\u2019acc\u00e8s au sous-sol s\u2019est \u00e9croul\u00e9 vendredi dernier, en zone 4, dans la commune de Marcory.<\/p>\n\n\n\n<p>&nbsp;Le but de cette rencontre \u00e9tant de situer la responsabilit\u00e9 des diff\u00e9rents intervenants dans la construction de ce b\u00e2timent, qui disposait pourtant d\u2019un Permis de Construire, et dont le ma\u00eetre d\u2019ouvrage (le propri\u00e9taire de l&rsquo;immeuble) s\u2019est attach\u00e9 les services de plusieurs professionnels (architecte, ing\u00e9nieur, bureau d\u2019\u00e9tudes et de contr\u00f4le, etc.). Il ressort apr\u00e8s de longues minutes d\u2019\u00e9changes que cet accident de chantier, qui est non seulement d\u00fb \u00e0 une d\u00e9faillance technique au niveau du syst\u00e8me d\u2019\u00e9tayage (action de poser des pi\u00e8ces d&rsquo;\u00e9tai ou d&rsquo;installer des \u00e9l\u00e9ments de soutien sur un ouvrage quelconque pour supporter des charges et \u00e9viter un affaissement), mais aussi au fait que l\u2019entreprise de construction n\u2019a pas respect\u00e9 les observations du ma\u00eetre d\u2019\u0153uvre (personne physique ou morale choisie par le propri\u00e9taire de l&rsquo;immeuble pour la conduite op\u00e9rationnelle des travaux en mati\u00e8re de co\u00fbts, de d\u00e9lais et de choix techniques).<\/p>\n\n\n\n<p>\u00a0Les responsabilit\u00e9s \u00e9tant situ\u00e9s, le responsable de l&rsquo;entreprise de construction ayant en amont reconnu son erreur s\u2019est confondu en excuses. En retour, le Directeur de Cabinet, qui a condamn\u00e9 fermement cette \u00e9ni\u00e8me d\u00e9faillance technique qui aurait pu \u00eatre \u00e9vit\u00e9e, a pr\u00e9sent\u00e9 encore une fois, au nom du minist\u00e8re de la construction et de l&rsquo;urbanisme(MCLU), ses sinc\u00e8res condol\u00e9ances \u00e0 la famille \u00e9plor\u00e9e et ses v\u0153ux de prompt r\u00e9tablissement aux bless\u00e9s, et a promis de rendre compte au Ministre BRUNO NABAGN\u00c9 KON\u00c9. Aussi, il a profit\u00e9 de cette occasion pour inviter, une fois de plus, tous les professionnels du secteur de la construction \u00e0 respecter la r\u00e9glementation en vigueur.<\/p>","protected":false},"excerpt":{"rendered":"<p>Ce mardi 14 f\u00e9vrier 2023 apr\u00e8s-midi dans la salle de conf\u00e9rence du 17eme \u00e9tage de la tour A au plateau s\u2019est tenu une r\u00e9union technique entre le directeur du cabinet du ministre de la construction, monsieur Alexandre KOUAM\u00c9 et les acteurs impliqu\u00e9s dans la construction de l\u2019immeuble R+7 dont la dalle de couverture de la [&hellip;]<\/p>\n","protected":false},"author":41,"featured_media":26350,"comment_status":"open","ping_status":"open","sticky":false,"template":"","format":"standard","meta":{"footnotes":""},"categories":[2],"tags":[],"class_list":["post-26349","post","type-post","status-publish","format-standard","has-post-thumbnail","hentry","category-actualite"],"_links":{"self":[{"href":"https:\/\/biim.ci\/en\/wp-json\/wp\/v2\/posts\/26349","targetHints":{"allow":["GET"]}}],"collection":[{"href":"https:\/\/biim.ci\/en\/wp-json\/wp\/v2\/posts"}],"about":[{"href":"https:\/\/biim.ci\/en\/wp-json\/wp\/v2\/types\/post"}],"author":[{"embeddable":true,"href":"https:\/\/biim.ci\/en\/wp-json\/wp\/v2\/users\/41"}],"replies":[{"embeddable":true,"href":"https:\/\/biim.ci\/en\/wp-json\/wp\/v2\/comments?post=26349"}],"version-history":[{"count":1,"href":"https:\/\/biim.ci\/en\/wp-json\/wp\/v2\/posts\/26349\/revisions"}],"predecessor-version":[{"id":26351,"href":"https:\/\/biim.ci\/en\/wp-json\/wp\/v2\/posts\/26349\/revisions\/26351"}],"wp:featuredmedia":[{"embeddable":true,"href":"https:\/\/biim.ci\/en\/wp-json\/wp\/v2\/media\/26350"}],"wp:attachment":[{"href":"https:\/\/biim.ci\/en\/wp-json\/wp\/v2\/media?parent=26349"}],"wp:term":[{"taxonomy":"category","embeddable":true,"href":"https:\/\/biim.ci\/en\/wp-json\/wp\/v2\/categories?post=26349"},{"taxonomy":"post_tag","embeddable":true,"href":"https:\/\/biim.ci\/en\/wp-json\/wp\/v2\/tags?post=26349"}],"curies":[{"name":"wp","href":"https:\/\/api.w.org\/{rel}","templated":true}]}}