{"id":26089,"date":"2023-02-09T14:33:00","date_gmt":"2023-02-09T14:33:00","guid":{"rendered":"https:\/\/biim.ci\/?p=26089"},"modified":"2023-02-09T09:42:22","modified_gmt":"2023-02-09T09:42:22","slug":"dix-hectares-de-terrain-a-ferkessedougou-cause-dun-litige-foncier-entre-la-sodefor-et-des-promoteurs-immobiliers","status":"publish","type":"post","link":"https:\/\/biim.ci\/en\/dix-hectares-de-terrain-a-ferkessedougou-cause-dun-litige-foncier-entre-la-sodefor-et-des-promoteurs-immobiliers\/","title":{"rendered":"DIX HECTARES DE TERRAIN A FERKESSEDOUGOU, CAUSE D\u2019UN LITIGE FONCIER ENTRE LA SODEFOR ET DES PROMOTEURS IMMOBILIERS"},"content":{"rendered":"<p><\/p>\n\n\n\n<p>La SODERFOR (La Soci\u00e9t\u00e9 de d\u00e9veloppement des for\u00eats) se trouve au c\u0153ur d\u2019un conflit terrien \u00e0 Ferkess\u00e9dougou avec des promoteurs immobiliers.<\/p>\n\n\n\n<p>Il s\u2019agit d\u2019un terrain d\u2019une dizaine d\u2019hectares, situ\u00e9 \u00e0 proximit\u00e9 de l\u2019abattoir municipal et du port sec de Ferkess\u00e9dougou.<\/p>\n\n\n\n<p>Selon l\u2019AIP, monsieur Ouattara Teninlo, l\u2019un des op\u00e9rateurs sur la parcelle affirme que la SODEFOR &nbsp;&nbsp;d\u00e9terre leurs bornes en \u00e9voquant l\u2019existence d\u2019une for\u00eat class\u00e9e en ce lieu, alors qu\u2019ayant pris toutes les dispositions l\u00e9gales pour mener les op\u00e9rations de bornage sur ladite parcelle. Selon lui, la SODEFOR agit sans brandir aucun document fiable.<\/p>\n\n\n\n<p>Lieutenant Bilah Abdoul, directeur du centre de gestions des for\u00eats de la SODEFOR de Ferkess\u00e9dougou, quant \u00e0 lui, r\u00e9fute toutes les all\u00e9gations, \u00e9voquant sa mission de protection contre la destruction des sites prot\u00e9g\u00e9s.<\/p>\n\n\n\n<p>Selon lui, les bornes ont \u00e9t\u00e9 arrach\u00e9es parce qu\u2019elles sont install\u00e9es en toute clandestinit\u00e9 par des inconnus sur la parcelle faisant partie de la for\u00eat class\u00e9e des Niarafolos depuis 1934 modifi\u00e9e plus tard en 1936.<\/p>\n\n\n\n<p>C\u2019est ainsi que l\u2019AIP aurait approch\u00e9 le directeur r\u00e9gional du minist\u00e8re de la construction et de l\u2019urbanisation de Ferkess\u00e9dougou, monsieur Emiah L\u00e9on, qui lui estimerait que les deux parties aurait un souci de communication.<\/p>\n\n\n\n<p>\u00a0L\u2019espace objet de litige fait bel et bien partie du plan directeur d\u2019urbanisation issu du d\u00e9cret n\u00b02016-1132 du 21 d\u00e9cembre 2016 portant approbation d\u2019urbanisation sign\u00e9 par le pr\u00e9sident de la R\u00e9publique dont le premier article \u00e9tablit la liste des villes concern\u00e9es desquelles fait partie Ferkess\u00e9dougou \u00ab a expliqu\u00e9 M. Emiah, soulignant que, sur ce plan, il ne figure pas de for\u00eats class\u00e9es en ce lieu.<\/p>\n\n\n\n<p>Une rencontre d\u2019information serait pr\u00e9vue entre les deux parties et le directeur r\u00e9gional de la construction afin de dissiper tous les malentendus.<\/p>","protected":false},"excerpt":{"rendered":"<p>La SODERFOR (La Soci\u00e9t\u00e9 de d\u00e9veloppement des for\u00eats) se trouve au c\u0153ur d\u2019un conflit terrien \u00e0 Ferkess\u00e9dougou avec des promoteurs immobiliers. Il s\u2019agit d\u2019un terrain d\u2019une dizaine d\u2019hectares, situ\u00e9 \u00e0 proximit\u00e9 de l\u2019abattoir municipal et du port sec de Ferkess\u00e9dougou. Selon l\u2019AIP, monsieur Ouattara Teninlo, l\u2019un des op\u00e9rateurs sur la parcelle affirme que la SODEFOR [&hellip;]<\/p>\n","protected":false},"author":2,"featured_media":26090,"comment_status":"open","ping_status":"open","sticky":false,"template":"","format":"standard","meta":{"footnotes":""},"categories":[2],"tags":[],"class_list":["post-26089","post","type-post","status-publish","format-standard","has-post-thumbnail","hentry","category-actualite"],"_links":{"self":[{"href":"https:\/\/biim.ci\/en\/wp-json\/wp\/v2\/posts\/26089","targetHints":{"allow":["GET"]}}],"collection":[{"href":"https:\/\/biim.ci\/en\/wp-json\/wp\/v2\/posts"}],"about":[{"href":"https:\/\/biim.ci\/en\/wp-json\/wp\/v2\/types\/post"}],"author":[{"embeddable":true,"href":"https:\/\/biim.ci\/en\/wp-json\/wp\/v2\/users\/2"}],"replies":[{"embeddable":true,"href":"https:\/\/biim.ci\/en\/wp-json\/wp\/v2\/comments?post=26089"}],"version-history":[{"count":1,"href":"https:\/\/biim.ci\/en\/wp-json\/wp\/v2\/posts\/26089\/revisions"}],"predecessor-version":[{"id":26091,"href":"https:\/\/biim.ci\/en\/wp-json\/wp\/v2\/posts\/26089\/revisions\/26091"}],"wp:featuredmedia":[{"embeddable":true,"href":"https:\/\/biim.ci\/en\/wp-json\/wp\/v2\/media\/26090"}],"wp:attachment":[{"href":"https:\/\/biim.ci\/en\/wp-json\/wp\/v2\/media?parent=26089"}],"wp:term":[{"taxonomy":"category","embeddable":true,"href":"https:\/\/biim.ci\/en\/wp-json\/wp\/v2\/categories?post=26089"},{"taxonomy":"post_tag","embeddable":true,"href":"https:\/\/biim.ci\/en\/wp-json\/wp\/v2\/tags?post=26089"}],"curies":[{"name":"wp","href":"https:\/\/api.w.org\/{rel}","templated":true}]}}