{"id":25965,"date":"2023-01-30T00:00:00","date_gmt":"2023-01-30T00:00:00","guid":{"rendered":"https:\/\/biim.ci\/?p=25965"},"modified":"2023-02-02T14:26:03","modified_gmt":"2023-02-02T14:26:03","slug":"diaspora-et-programme-de-logements-sociaux-pose-de-la-premiere-pierre-dun-projet-immobilier-a-bingerville-elokate-a-destination-de-la-diaspora","status":"publish","type":"post","link":"https:\/\/biim.ci\/en\/diaspora-et-programme-de-logements-sociaux-pose-de-la-premiere-pierre-dun-projet-immobilier-a-bingerville-elokate-a-destination-de-la-diaspora\/","title":{"rendered":"DIASPORA ET PROGRAMME DE LOGEMENTS SOCIAUX : POSE DE LA PREMIERE PIERRE D\u2019UN PROJET IMMOBILIER A BINGERVILLE ELOKATE, A DESTINATION DE LA DIASPORA"},"content":{"rendered":"<p>Ce samedi 28 janvier 2023 \u00e0 Bingerville, s\u2019est tenue la c\u00e9r\u00e9monie de pose de la premi\u00e8re pierre de la construction de 464 appartements en faveur de la Diaspora ivoirienne.<\/p>\n\n\n\n<p>Cette c\u00e9r\u00e9monie a vu la participation de SEM Inza Camara, Consul g\u00e9n\u00e9ral de la C\u00f4te d\u2019Ivoire \u00e0 New York, M. Kabran Assoumou, directeur de cabinet, repr\u00e9sentant la ministre d\u2019\u00c9tat, ministre des Affaires \u00e9trang\u00e8res, de l\u2019Int\u00e9gration africaine et de la Diaspora, et de Diby Kokora, directeur des Grands programmes immobiliers au minist\u00e8re de la Construction, du Logement et de l\u2019Urbanisme.<\/p>\n\n\n\n<p>La Diaspora ivoirienne b\u00e9n\u00e9ficiera d\u2019un projet de 464 appartements de 4 pi\u00e8ces reparti sur 144 immeubles de R+7 \u00e0 Elokat\u00e9 Belle vue dans la commune de Bingerville. Il s\u2019agit de la premi\u00e8re phase d\u2019un projet de construction de 15 000 logements au profit des Ivoiriens de la Diaspora<\/p>\n\n\n\n<p>\u00ab\u00a0Riyadh City\u00a0\u00bb, est un projet d\u2019envergure b\u00e2ti sur une superficie de 28 hectares, en face de la lagune qui verra la construction du plus grand Mall d\u2019Afrique de l\u2019Ouest verra le jour dans 3 ans. Ce projet est port\u00e9 par GAIA Holding, un groupe saoudien, \u00e0 travers sa filiale GAIA C\u00f4te d\u2019Ivoire, et deux promoteurs ivoiriens, Cit\u00e9 B\u00e9thanie SARL et GIS-International &amp; Commercial Incorporate.<\/p>\n\n\n\n<p>Ce projet reste \u00e9galement ouvert aux souscripteurs habitant et travaillant en C\u00f4te d\u2019Ivoire.<\/p>","protected":false},"excerpt":{"rendered":"<p>Ce samedi 28 janvier 2023 \u00e0 Bingerville, s\u2019est tenue la c\u00e9r\u00e9monie de pose de la premi\u00e8re pierre de la construction de 464 appartements en faveur de la Diaspora ivoirienne. Cette c\u00e9r\u00e9monie a vu la participation de SEM Inza Camara, Consul g\u00e9n\u00e9ral de la C\u00f4te d\u2019Ivoire \u00e0 New York, M. Kabran Assoumou, directeur de cabinet, repr\u00e9sentant [&hellip;]<\/p>\n","protected":false},"author":2,"featured_media":25967,"comment_status":"open","ping_status":"open","sticky":false,"template":"","format":"standard","meta":{"footnotes":""},"categories":[],"tags":[],"class_list":["post-25965","post","type-post","status-publish","format-standard","has-post-thumbnail","hentry"],"_links":{"self":[{"href":"https:\/\/biim.ci\/en\/wp-json\/wp\/v2\/posts\/25965","targetHints":{"allow":["GET"]}}],"collection":[{"href":"https:\/\/biim.ci\/en\/wp-json\/wp\/v2\/posts"}],"about":[{"href":"https:\/\/biim.ci\/en\/wp-json\/wp\/v2\/types\/post"}],"author":[{"embeddable":true,"href":"https:\/\/biim.ci\/en\/wp-json\/wp\/v2\/users\/2"}],"replies":[{"embeddable":true,"href":"https:\/\/biim.ci\/en\/wp-json\/wp\/v2\/comments?post=25965"}],"version-history":[{"count":2,"href":"https:\/\/biim.ci\/en\/wp-json\/wp\/v2\/posts\/25965\/revisions"}],"predecessor-version":[{"id":26002,"href":"https:\/\/biim.ci\/en\/wp-json\/wp\/v2\/posts\/25965\/revisions\/26002"}],"wp:featuredmedia":[{"embeddable":true,"href":"https:\/\/biim.ci\/en\/wp-json\/wp\/v2\/media\/25967"}],"wp:attachment":[{"href":"https:\/\/biim.ci\/en\/wp-json\/wp\/v2\/media?parent=25965"}],"wp:term":[{"taxonomy":"category","embeddable":true,"href":"https:\/\/biim.ci\/en\/wp-json\/wp\/v2\/categories?post=25965"},{"taxonomy":"post_tag","embeddable":true,"href":"https:\/\/biim.ci\/en\/wp-json\/wp\/v2\/tags?post=25965"}],"curies":[{"name":"wp","href":"https:\/\/api.w.org\/{rel}","templated":true}]}}