{"id":25955,"date":"2023-01-30T09:59:24","date_gmt":"2023-01-30T09:59:24","guid":{"rendered":"https:\/\/biim.ci\/?p=25955"},"modified":"2023-01-30T09:59:27","modified_gmt":"2023-01-30T09:59:27","slug":"tour-f-vers-une-reduction-de-la-hauteur","status":"publish","type":"post","link":"https:\/\/biim.ci\/en\/tour-f-vers-une-reduction-de-la-hauteur\/","title":{"rendered":"TOUR F, VERS UNE REDUCTION DE LA HAUTEUR\u00a0?"},"content":{"rendered":"<p>Selon la Radio France Internationale (RFI), pour cause de l\u2019inflation des co\u00fbts des mat\u00e9riaux de construction et pour des questions de financement, le nombre d\u2019\u00e9tages de la tour F, pourrait \u00eatre revu \u00e0 la baisse.<\/p>\n\n\n\n<p>Le projet de la tour F devait normalement mesurer 280 m\u00e8tres, puis 333 m\u00e8tres, et enfin 404 m\u00e8tres.<\/p>\n\n\n\n<p>Selon RFI, des discussions sont en cours pour envisager la r\u00e9duction de la tour F de 50, voire 100 m\u00e8tres.<\/p>\n\n\n\n<p>Vous pouvez lire aussi\u00a0: https:\/\/biim.ci\/abidjan-la-construction-prochaine-de-la-plus-haute-tour-dafrique\/ <\/p>","protected":false},"excerpt":{"rendered":"<p>Selon la Radio France Internationale (RFI), pour cause de l\u2019inflation des co\u00fbts des mat\u00e9riaux de construction et pour des questions de financement, le nombre d\u2019\u00e9tages de la tour F, pourrait \u00eatre revu \u00e0 la baisse. Le projet de la tour F devait normalement mesurer 280 m\u00e8tres, puis 333 m\u00e8tres, et enfin 404 m\u00e8tres. Selon RFI, [&hellip;]<\/p>\n","protected":false},"author":2,"featured_media":25956,"comment_status":"open","ping_status":"open","sticky":false,"template":"","format":"standard","meta":{"footnotes":""},"categories":[2],"tags":[],"class_list":["post-25955","post","type-post","status-publish","format-standard","has-post-thumbnail","hentry","category-actualite"],"_links":{"self":[{"href":"https:\/\/biim.ci\/en\/wp-json\/wp\/v2\/posts\/25955","targetHints":{"allow":["GET"]}}],"collection":[{"href":"https:\/\/biim.ci\/en\/wp-json\/wp\/v2\/posts"}],"about":[{"href":"https:\/\/biim.ci\/en\/wp-json\/wp\/v2\/types\/post"}],"author":[{"embeddable":true,"href":"https:\/\/biim.ci\/en\/wp-json\/wp\/v2\/users\/2"}],"replies":[{"embeddable":true,"href":"https:\/\/biim.ci\/en\/wp-json\/wp\/v2\/comments?post=25955"}],"version-history":[{"count":1,"href":"https:\/\/biim.ci\/en\/wp-json\/wp\/v2\/posts\/25955\/revisions"}],"predecessor-version":[{"id":25957,"href":"https:\/\/biim.ci\/en\/wp-json\/wp\/v2\/posts\/25955\/revisions\/25957"}],"wp:featuredmedia":[{"embeddable":true,"href":"https:\/\/biim.ci\/en\/wp-json\/wp\/v2\/media\/25956"}],"wp:attachment":[{"href":"https:\/\/biim.ci\/en\/wp-json\/wp\/v2\/media?parent=25955"}],"wp:term":[{"taxonomy":"category","embeddable":true,"href":"https:\/\/biim.ci\/en\/wp-json\/wp\/v2\/categories?post=25955"},{"taxonomy":"post_tag","embeddable":true,"href":"https:\/\/biim.ci\/en\/wp-json\/wp\/v2\/tags?post=25955"}],"curies":[{"name":"wp","href":"https:\/\/api.w.org\/{rel}","templated":true}]}}