{"id":25808,"date":"2023-01-23T18:59:47","date_gmt":"2023-01-23T18:59:47","guid":{"rendered":"https:\/\/biim.ci\/?p=25808"},"modified":"2023-01-23T18:59:48","modified_gmt":"2023-01-23T18:59:48","slug":"fermeture-temporaire-du-sofitel-hotel-ivoire","status":"publish","type":"post","link":"https:\/\/biim.ci\/en\/fermeture-temporaire-du-sofitel-hotel-ivoire\/","title":{"rendered":"FERMETURE TEMPORAIRE DU SOFITEL HOTEL IVOIRE"},"content":{"rendered":"<p>D\u00e9j\u00e0 r\u00e9nov\u00e9 \u00e0 plusieurs reprises (en 2011, apr\u00e8s la crise post\u00e9lectorale, en 2014, dans le cadre des assembl\u00e9es annuelles de la BAD, en 2021, pour le diner gala de la fondation Children of Africa en 2022.), le Sofitel H\u00f4tel Ivoire fermerait tr\u00e8s bient\u00f4t en pr\u00e9lude \u00e0 la Coupe d&rsquo;Afrique des Nations 2023, pr\u00e9vue pour janvier 2024.<\/p>\n\n\n\n<p>Le groupe Accor par le biais de Daniel Karbownik, patron d&rsquo;Accor, aurait pris la d\u00e9cision de la fermeture de l&rsquo;\u00e9tablissement depuis 2021 pour une r\u00e9novation de taille avant la CAN 2023. D\u2019un montant de 22 milliards de francs CFA, la r\u00e9novation consisterait \u00e0 faire des travaux de mise \u00e0 niveau et d&rsquo;agrandissement de l&rsquo;h\u00f4tel m\u00eame si l\u2019Etat de C\u00f4te d\u2019Ivoire n\u2019est pas enchant\u00e9 de cette d\u00e9cision. Pour la Soci\u00e9t\u00e9 Nationale de Gestion du Patrimoine Immobilier de l&rsquo;\u00c9tat (SONAPIE), le groupe Accor devrait proc\u00e9der par une fermeture partielle de l\u2019h\u00f4tel, en commen\u00e7ant par la tour des 23 \u00e9tages v\u00e9tuste pour s\u2019attaquer ensuite \u00e0 celle des 14 \u00e9tages.<\/p>\n\n\n\n<p>Rappelons que le Sofitel est un complexe h\u00f4telier 5 \u00e9toiles avec une capacit\u00e9 de 426 chambres et suites spacieuses.<\/p>\n\n\n\n<p>Source&nbsp;: Africa Intelligence<\/p>","protected":false},"excerpt":{"rendered":"<p>D\u00e9j\u00e0 r\u00e9nov\u00e9 \u00e0 plusieurs reprises (en 2011, apr\u00e8s la crise post\u00e9lectorale, en 2014, dans le cadre des assembl\u00e9es annuelles de la BAD, en 2021, pour le diner gala de la fondation Children of Africa en 2022.), le Sofitel H\u00f4tel Ivoire fermerait tr\u00e8s bient\u00f4t en pr\u00e9lude \u00e0 la Coupe d&rsquo;Afrique des Nations 2023, pr\u00e9vue pour janvier [&hellip;]<\/p>\n","protected":false},"author":2,"featured_media":25811,"comment_status":"open","ping_status":"open","sticky":false,"template":"","format":"standard","meta":{"footnotes":""},"categories":[2],"tags":[],"class_list":["post-25808","post","type-post","status-publish","format-standard","has-post-thumbnail","hentry","category-actualite"],"_links":{"self":[{"href":"https:\/\/biim.ci\/en\/wp-json\/wp\/v2\/posts\/25808","targetHints":{"allow":["GET"]}}],"collection":[{"href":"https:\/\/biim.ci\/en\/wp-json\/wp\/v2\/posts"}],"about":[{"href":"https:\/\/biim.ci\/en\/wp-json\/wp\/v2\/types\/post"}],"author":[{"embeddable":true,"href":"https:\/\/biim.ci\/en\/wp-json\/wp\/v2\/users\/2"}],"replies":[{"embeddable":true,"href":"https:\/\/biim.ci\/en\/wp-json\/wp\/v2\/comments?post=25808"}],"version-history":[{"count":1,"href":"https:\/\/biim.ci\/en\/wp-json\/wp\/v2\/posts\/25808\/revisions"}],"predecessor-version":[{"id":25814,"href":"https:\/\/biim.ci\/en\/wp-json\/wp\/v2\/posts\/25808\/revisions\/25814"}],"wp:featuredmedia":[{"embeddable":true,"href":"https:\/\/biim.ci\/en\/wp-json\/wp\/v2\/media\/25811"}],"wp:attachment":[{"href":"https:\/\/biim.ci\/en\/wp-json\/wp\/v2\/media?parent=25808"}],"wp:term":[{"taxonomy":"category","embeddable":true,"href":"https:\/\/biim.ci\/en\/wp-json\/wp\/v2\/categories?post=25808"},{"taxonomy":"post_tag","embeddable":true,"href":"https:\/\/biim.ci\/en\/wp-json\/wp\/v2\/tags?post=25808"}],"curies":[{"name":"wp","href":"https:\/\/api.w.org\/{rel}","templated":true}]}}