{"id":24841,"date":"2022-11-14T23:48:42","date_gmt":"2022-11-14T23:48:42","guid":{"rendered":"https:\/\/biim.ci\/?p=24841"},"modified":"2022-11-14T23:48:49","modified_gmt":"2022-11-14T23:48:49","slug":"salon-de-lepargne-linvestissement-et-du-patrimoine-2022","status":"publish","type":"post","link":"https:\/\/biim.ci\/en\/salon-de-lepargne-linvestissement-et-du-patrimoine-2022\/","title":{"rendered":"SALON DE L&rsquo;\u00c9PARGNE L&rsquo;S\u00c9JOUR ET DU PATRIMOINE 2022"},"content":{"rendered":"<p><\/p>\n\n\n\n<p>Le vendredi 11 Novembre 2022 se tenait\u00a0 au Sofitel H\u00f4tel Ivoire, la 2eme journ\u00e9e du Salon de l&rsquo;Epargne de l&rsquo;s\u00e9jour et du Patrimoine.<\/p>\n\n\n\n<p>Lors du panel sur l&rsquo;s\u00e9jour dans l&rsquo;immobilier en C\u00f4te d&rsquo;Ivoire: perspectives et opportunit\u00e9s et risques pour les \u00e9pargnants, les intervenants de cette session pl\u00e9ni\u00e8re sont entre autre :<\/p>\n\n\n\n<p>&#8211; <a><\/a>Cheick SANANKOUA DG de HC Capital Properties<\/p>\n\n\n\n<p>&#8211; Salimata N&rsquo;DIA (Pr\u00e9sidente de Fondatrice, TWINS GROUP<\/p>\n\n\n\n<p>&#8211; Rotmi VIEYRA DG de Teyliom Propri\u00e9taire C\u00f4te d&rsquo;Ivoire<\/p>\n\n\n\n<p>&#8211; Korede O bella D de la DJO-BELLA (Directrice banque des particuliers, Ecobank CI)<\/p>\n\n\n\n<p>A la suite des \u00e9changes fructueuses, les intervenants se sont accord\u00e9s sur des points importants:<\/p>\n\n\n\n<p>&#8211; Le secteur de l&rsquo;immobilier en C\u00f4te d&rsquo;Ivoire est un march\u00e9 tr\u00e8s prometteur et l&rsquo;s\u00e9jour dans ce domaine est gage d&rsquo;une s\u00e9curit\u00e9,<\/p>\n\n\n\n<p>&#8211; Dans le domaine immobilier \u00e0 forte demande, rentabiliser son s\u00e9jour, n\u00e9cessite une bonne \u00a0\u00bbdose\u00a0\u00bb de cr\u00e9ativit\u00e9<\/p>\n\n\n\n<p>Il est cependant important de prendre l&rsquo;avis d&rsquo;experts du domaine avant tout achat.<\/p>","protected":false},"excerpt":{"rendered":"<p>Le vendredi 11 Novembre 2022 se tenait\u00a0 au Sofitel H\u00f4tel Ivoire, la 2eme journ\u00e9e du Salon de l&rsquo;Epargne de l&rsquo;s\u00e9jour et du Patrimoine. Lors du panel sur l&rsquo;s\u00e9jour dans l&rsquo;immobilier en C\u00f4te d&rsquo;Ivoire: perspectives et opportunit\u00e9s et risques pour les \u00e9pargnants, les intervenants de cette session pl\u00e9ni\u00e8re sont entre autre : &#8211; Cheick SANANKOUA DG [&hellip;]<\/p>\n","protected":false},"author":2,"featured_media":24842,"comment_status":"open","ping_status":"open","sticky":false,"template":"","format":"standard","meta":{"footnotes":""},"categories":[2],"tags":[],"class_list":["post-24841","post","type-post","status-publish","format-standard","has-post-thumbnail","hentry","category-actualite"],"_links":{"self":[{"href":"https:\/\/biim.ci\/en\/wp-json\/wp\/v2\/posts\/24841","targetHints":{"allow":["GET"]}}],"collection":[{"href":"https:\/\/biim.ci\/en\/wp-json\/wp\/v2\/posts"}],"about":[{"href":"https:\/\/biim.ci\/en\/wp-json\/wp\/v2\/types\/post"}],"author":[{"embeddable":true,"href":"https:\/\/biim.ci\/en\/wp-json\/wp\/v2\/users\/2"}],"replies":[{"embeddable":true,"href":"https:\/\/biim.ci\/en\/wp-json\/wp\/v2\/comments?post=24841"}],"version-history":[{"count":1,"href":"https:\/\/biim.ci\/en\/wp-json\/wp\/v2\/posts\/24841\/revisions"}],"predecessor-version":[{"id":24843,"href":"https:\/\/biim.ci\/en\/wp-json\/wp\/v2\/posts\/24841\/revisions\/24843"}],"wp:featuredmedia":[{"embeddable":true,"href":"https:\/\/biim.ci\/en\/wp-json\/wp\/v2\/media\/24842"}],"wp:attachment":[{"href":"https:\/\/biim.ci\/en\/wp-json\/wp\/v2\/media?parent=24841"}],"wp:term":[{"taxonomy":"category","embeddable":true,"href":"https:\/\/biim.ci\/en\/wp-json\/wp\/v2\/categories?post=24841"},{"taxonomy":"post_tag","embeddable":true,"href":"https:\/\/biim.ci\/en\/wp-json\/wp\/v2\/tags?post=24841"}],"curies":[{"name":"wp","href":"https:\/\/api.w.org\/{rel}","templated":true}]}}