{"id":24594,"date":"2022-10-20T08:16:57","date_gmt":"2022-10-20T08:16:57","guid":{"rendered":"https:\/\/biim.ci\/?p=24594"},"modified":"2022-10-20T08:16:59","modified_gmt":"2022-10-20T08:16:59","slug":"%f0%9d%90%8be%f0%9d%90%a5%f0%9d%90%9a%f0%9d%90%9b%f0%9d%90%a8%f0%9d%90%ab%f0%9d%90%9a%f0%9d%90%ad%f0%9d%90%a2%f0%9d%90%a8%f0%9d%90%a7-%f0%9d%90%9d%f0%9d%90%ae-%f0%9d%90%92%f0%9d%90%9c%f0%9d%90%a1e","status":"publish","type":"post","link":"https:\/\/biim.ci\/en\/%f0%9d%90%8be%f0%9d%90%a5%f0%9d%90%9a%f0%9d%90%9b%f0%9d%90%a8%f0%9d%90%ab%f0%9d%90%9a%f0%9d%90%ad%f0%9d%90%a2%f0%9d%90%a8%f0%9d%90%a7-%f0%9d%90%9d%f0%9d%90%ae-%f0%9d%90%92%f0%9d%90%9c%f0%9d%90%a1e\/","title":{"rendered":"\ud835\udc0b&rsquo;\u00e9\ud835\udc25\ud835\udc1a\ud835\udc1b\ud835\udc28\ud835\udc2b\ud835\udc1a\ud835\udc2d\ud835\udc22\ud835\udc28\ud835\udc27 \ud835\udc1d\ud835\udc2e \ud835\udc12\ud835\udc1c\ud835\udc21\u00e9\ud835\udc26\ud835\udc1a \ud835\udc03\ud835\udc22\ud835\udc2b\ud835\udc1e\ud835\udc1c\ud835\udc2d\ud835\udc1e\ud835\udc2e\ud835\udc2b \ud835\udc1d\ud835\udc1e \ud835\udc25&rsquo;\ud835\udc14\ud835\udc2b\ud835\udc1b\ud835\udc1a\ud835\udc27\ud835\udc22\ud835\udc2c\ud835\udc26\ud835\udc1e"},"content":{"rendered":"<p><\/p>\n\n\n\n<p>\ud835\udc00\ud835\udc2b\ud835\udc2d\ud835\udc22\ud835\udc1c\ud835\udc25\ud835\udc1e \ud835\udfcf\ud835\udfd2<\/p>\n\n\n\n<p>Le Sch\u00e9ma Directeur d&rsquo;Urbanisme est \u00e9labor\u00e9 par un urbaniste agr\u00e9\u00e9, inscrit \u00e0 l&rsquo;ordre national des urbanistes de C\u00f4te d&rsquo;Ivoire ou par un bureau d&rsquo;\u00e9tudes public de comp\u00e9tence reconnue en mati\u00e8re d&rsquo;urbanisme.<\/p>\n\n\n\n<p>Toutefois, dans le cadre de financement ext\u00e9rieur, le Sch\u00e9ma Directeur d&rsquo;Urbanisme peut \u00eatre \u00e9labor\u00e9 par d&rsquo;autres organismes en association avec un cabinet d&rsquo;urbaniste agr\u00e9\u00e9 et inscrit au tableau de l&rsquo;ordre national des urbanistes de C\u00f4te d&rsquo;Ivoire, en appui au Ministre charg\u00e9 de l&rsquo;Urbanisme.<\/p>","protected":false},"excerpt":{"rendered":"<p>\ud835\udc00\ud835\udc2b\ud835\udc2d\ud835\udc22\ud835\udc1c\ud835\udc25\ud835\udc1e \ud835\udfcf\ud835\udfd2 Le Sch\u00e9ma Directeur d&rsquo;Urbanisme est \u00e9labor\u00e9 par un urbaniste agr\u00e9\u00e9, inscrit \u00e0 l&rsquo;ordre national des urbanistes de C\u00f4te d&rsquo;Ivoire ou par un bureau d&rsquo;\u00e9tudes public de comp\u00e9tence reconnue en mati\u00e8re d&rsquo;urbanisme. Toutefois, dans le cadre de financement ext\u00e9rieur, le Sch\u00e9ma Directeur d&rsquo;Urbanisme peut \u00eatre \u00e9labor\u00e9 par d&rsquo;autres organismes en association avec un cabinet [&hellip;]<\/p>\n","protected":false},"author":2,"featured_media":24595,"comment_status":"open","ping_status":"open","sticky":false,"template":"","format":"standard","meta":{"footnotes":""},"categories":[2],"tags":[],"class_list":["post-24594","post","type-post","status-publish","format-standard","has-post-thumbnail","hentry","category-actualite"],"_links":{"self":[{"href":"https:\/\/biim.ci\/en\/wp-json\/wp\/v2\/posts\/24594","targetHints":{"allow":["GET"]}}],"collection":[{"href":"https:\/\/biim.ci\/en\/wp-json\/wp\/v2\/posts"}],"about":[{"href":"https:\/\/biim.ci\/en\/wp-json\/wp\/v2\/types\/post"}],"author":[{"embeddable":true,"href":"https:\/\/biim.ci\/en\/wp-json\/wp\/v2\/users\/2"}],"replies":[{"embeddable":true,"href":"https:\/\/biim.ci\/en\/wp-json\/wp\/v2\/comments?post=24594"}],"version-history":[{"count":1,"href":"https:\/\/biim.ci\/en\/wp-json\/wp\/v2\/posts\/24594\/revisions"}],"predecessor-version":[{"id":24596,"href":"https:\/\/biim.ci\/en\/wp-json\/wp\/v2\/posts\/24594\/revisions\/24596"}],"wp:featuredmedia":[{"embeddable":true,"href":"https:\/\/biim.ci\/en\/wp-json\/wp\/v2\/media\/24595"}],"wp:attachment":[{"href":"https:\/\/biim.ci\/en\/wp-json\/wp\/v2\/media?parent=24594"}],"wp:term":[{"taxonomy":"category","embeddable":true,"href":"https:\/\/biim.ci\/en\/wp-json\/wp\/v2\/categories?post=24594"},{"taxonomy":"post_tag","embeddable":true,"href":"https:\/\/biim.ci\/en\/wp-json\/wp\/v2\/tags?post=24594"}],"curies":[{"name":"wp","href":"https:\/\/api.w.org\/{rel}","templated":true}]}}