{"id":24528,"date":"2022-09-28T19:17:33","date_gmt":"2022-09-28T19:17:33","guid":{"rendered":"https:\/\/biim.ci\/?p=24528"},"modified":"2022-09-29T09:08:13","modified_gmt":"2022-09-29T09:08:13","slug":"gros-coup-pour-la-mairie-du-plateau","status":"publish","type":"post","link":"https:\/\/biim.ci\/en\/gros-coup-pour-la-mairie-du-plateau\/","title":{"rendered":"GROS COUP POUR LA MAIRIE DU PLATEAU"},"content":{"rendered":"<p>C&rsquo;est un gros coup que vient de r\u00e9aliser la mairie du plateau.En effet le b\u00e2timent abritant le si\u00e8ge du groupe NSIA dans la commune du Plateau \u00e9tait en vente \u00e0 pr\u00e8s de 12 milliards FCFA et avait attir\u00e9 l\u2019attention de plusieurs personnes physique et morales qui en avaient manifest\u00e9 leur int\u00e9r\u00eat,mais c\u2019est \u00e0 la mairie du plateau que ce b\u00e2timent sera vendu.<\/p>\n\n\n\n<p>En course contre plusieurs autres institutions la mairie du Plateau a finalement \u00e9t\u00e9 retenue pour le rachat de la tour du groupe NSIA pour une valeur de 12.5 milliards FCFA. Le si\u00e8ge de l\u2019institution financi\u00e8re devrait donc \u00eatre d\u00e9localiser dans la commune de cocody ou une nouvelle aventure commence pour elle<\/p>","protected":false},"excerpt":{"rendered":"<p>C&rsquo;est un gros coup que vient de r\u00e9aliser la mairie du plateau.En effet le b\u00e2timent abritant le si\u00e8ge du groupe NSIA dans la commune du Plateau \u00e9tait en vente \u00e0 pr\u00e8s de 12 milliards FCFA et avait attir\u00e9 l\u2019attention de plusieurs personnes physique et morales qui en avaient manifest\u00e9 leur int\u00e9r\u00eat,mais c\u2019est \u00e0 la mairie [&hellip;]<\/p>\n","protected":false},"author":41,"featured_media":24529,"comment_status":"open","ping_status":"open","sticky":false,"template":"","format":"standard","meta":{"footnotes":""},"categories":[2],"tags":[],"class_list":["post-24528","post","type-post","status-publish","format-standard","has-post-thumbnail","hentry","category-actualite"],"_links":{"self":[{"href":"https:\/\/biim.ci\/en\/wp-json\/wp\/v2\/posts\/24528","targetHints":{"allow":["GET"]}}],"collection":[{"href":"https:\/\/biim.ci\/en\/wp-json\/wp\/v2\/posts"}],"about":[{"href":"https:\/\/biim.ci\/en\/wp-json\/wp\/v2\/types\/post"}],"author":[{"embeddable":true,"href":"https:\/\/biim.ci\/en\/wp-json\/wp\/v2\/users\/41"}],"replies":[{"embeddable":true,"href":"https:\/\/biim.ci\/en\/wp-json\/wp\/v2\/comments?post=24528"}],"version-history":[{"count":4,"href":"https:\/\/biim.ci\/en\/wp-json\/wp\/v2\/posts\/24528\/revisions"}],"predecessor-version":[{"id":24533,"href":"https:\/\/biim.ci\/en\/wp-json\/wp\/v2\/posts\/24528\/revisions\/24533"}],"wp:featuredmedia":[{"embeddable":true,"href":"https:\/\/biim.ci\/en\/wp-json\/wp\/v2\/media\/24529"}],"wp:attachment":[{"href":"https:\/\/biim.ci\/en\/wp-json\/wp\/v2\/media?parent=24528"}],"wp:term":[{"taxonomy":"category","embeddable":true,"href":"https:\/\/biim.ci\/en\/wp-json\/wp\/v2\/categories?post=24528"},{"taxonomy":"post_tag","embeddable":true,"href":"https:\/\/biim.ci\/en\/wp-json\/wp\/v2\/tags?post=24528"}],"curies":[{"name":"wp","href":"https:\/\/api.w.org\/{rel}","templated":true}]}}