{"id":21873,"date":"2022-01-04T09:10:48","date_gmt":"2022-01-04T09:10:48","guid":{"rendered":"http:\/\/biim.ci\/?p=21873"},"modified":"2022-01-04T09:10:50","modified_gmt":"2022-01-04T09:10:50","slug":"marche-gouro-dabidjan-debut-des-travaux-de-construction-en-janvier-2022","status":"publish","type":"post","link":"https:\/\/biim.ci\/en\/marche-gouro-dabidjan-debut-des-travaux-de-construction-en-janvier-2022\/","title":{"rendered":"MARCHE \u2018\u2019GOURO\u2019\u2019 D\u2019ABIDJAN : DEBUT DES TRAVAUX DE CONSTRUCTION EN JANVIER 2022"},"content":{"rendered":"<p>13 milliards de FCFA, c\u2019est l\u2019estimation du montant global qui sera inject\u00e9 dans les travaux de construction du nouveau march\u00e9 \u2018\u2019Gouro\u2019\u2019 d\u2019Adjam\u00e9.<\/p>\n\n\n\n<p>En effet, un b\u00e2timent R+2 avec 2 niveaux de sous-sol, verra le jour \u00e0 partir de ce mois de janvier a annonc\u00e9 M. Youan Bi Alexis, directeur g\u00e9n\u00e9ral de la COMAGOA lors d\u2019un point de presse.<\/p>\n\n\n\n<p>Pr\u00e9vue \u00eatre un march\u00e9 moderne et hygi\u00e9nique, cette b\u00e2tisse construite sur plus de 7 hectares, offrira aux commer\u00e7ants 1060 magasins-Box et 1300 \u00e9tales.<\/p>\n\n\n\n<p>L\u2019architecture de ce b\u00e2timent sera constitu\u00e9e d\u2019un parking souterrain, d\u2019un rez-de-jardin, d\u2019un rez-de-chauss\u00e9e bas et d\u2019un rez-de-chauss\u00e9e haut, ainsi qu\u2019un premier et un deuxi\u00e8me \u00e9tage.<\/p>\n\n\n\n<p>La livraison de ce b\u00e2timent est pr\u00e9vue pour juin 2023.<\/p>\n\n\n\n<p>En attendant le d\u00e9but des travaux, le march\u00e9 actuel sera d\u00e9localis\u00e9 sur un site provisoire, l\u2019ancienne \u2018\u2019casse\u2019\u2019 d\u2019Adjam\u00e9.<\/p>\n\n\n\n<p><\/p>\n\n\n\n<p>Image: SIKA Finance<\/p>","protected":false},"excerpt":{"rendered":"<p>13 milliards de FCFA, c\u2019est l\u2019estimation du montant global qui sera inject\u00e9 dans les travaux de construction du nouveau march\u00e9 \u2018\u2019Gouro\u2019\u2019 d\u2019Adjam\u00e9. En effet, un b\u00e2timent R+2 avec 2 niveaux de sous-sol, verra le jour \u00e0 partir de ce mois de janvier a annonc\u00e9 M. Youan Bi Alexis, directeur g\u00e9n\u00e9ral de la COMAGOA lors d\u2019un [&hellip;]<\/p>\n","protected":false},"author":2,"featured_media":21874,"comment_status":"open","ping_status":"open","sticky":false,"template":"","format":"standard","meta":{"footnotes":""},"categories":[2],"tags":[],"class_list":["post-21873","post","type-post","status-publish","format-standard","has-post-thumbnail","hentry","category-actualite"],"_links":{"self":[{"href":"https:\/\/biim.ci\/en\/wp-json\/wp\/v2\/posts\/21873","targetHints":{"allow":["GET"]}}],"collection":[{"href":"https:\/\/biim.ci\/en\/wp-json\/wp\/v2\/posts"}],"about":[{"href":"https:\/\/biim.ci\/en\/wp-json\/wp\/v2\/types\/post"}],"author":[{"embeddable":true,"href":"https:\/\/biim.ci\/en\/wp-json\/wp\/v2\/users\/2"}],"replies":[{"embeddable":true,"href":"https:\/\/biim.ci\/en\/wp-json\/wp\/v2\/comments?post=21873"}],"version-history":[{"count":1,"href":"https:\/\/biim.ci\/en\/wp-json\/wp\/v2\/posts\/21873\/revisions"}],"predecessor-version":[{"id":21875,"href":"https:\/\/biim.ci\/en\/wp-json\/wp\/v2\/posts\/21873\/revisions\/21875"}],"wp:featuredmedia":[{"embeddable":true,"href":"https:\/\/biim.ci\/en\/wp-json\/wp\/v2\/media\/21874"}],"wp:attachment":[{"href":"https:\/\/biim.ci\/en\/wp-json\/wp\/v2\/media?parent=21873"}],"wp:term":[{"taxonomy":"category","embeddable":true,"href":"https:\/\/biim.ci\/en\/wp-json\/wp\/v2\/categories?post=21873"},{"taxonomy":"post_tag","embeddable":true,"href":"https:\/\/biim.ci\/en\/wp-json\/wp\/v2\/tags?post=21873"}],"curies":[{"name":"wp","href":"https:\/\/api.w.org\/{rel}","templated":true}]}}